{"id":1408,"date":"2025-09-06T21:48:24","date_gmt":"2025-09-06T21:48:24","guid":{"rendered":"https:\/\/grazerungarischestheater.com\/?p=1408"},"modified":"2026-03-16T21:54:24","modified_gmt":"2026-03-16T21:54:24","slug":"hol-van-shakespeare","status":"publish","type":"post","link":"https:\/\/grazerungarischestheater.com\/index.php\/2025\/09\/06\/hol-van-shakespeare\/","title":{"rendered":"Hol van Shakespeare?"},"content":{"rendered":"\n<p>H\u00e1t az az id\u0151 amikor kapkodva rohantunk haza, hogy elk\u00e9sz\u00fclj\u00fcnk az esti el\u0151ad\u00e1sra, ahov\u00e1 m\u00e1r hetekkel el\u0151re megvett\u00fck a jegyet, r\u00e9g elm\u00falt. <\/p>\n\n\n\n<!--more-->\n\n\n\n<p>Itt vagyunk nyakig a XXI. sz\u00e1zadban, \u00e9s ne mondd, hogy nem vetted \u00e9szre. \u00dagy ment el mellet\u00fcnk az els\u0151 negyedsz\u00e1zad, hogy csak \u00fagy s\u00fcv\u00edtett. Mi meg p\u00f6rgett\u00fck a telefonon a k\u00e9peket, \u00e9s fel se t\u0171nt, mennyire megv\u00e1ltozott minden. Szerintem ha valaki hirtelen f\u00f6ln\u00e9z a tel\u00f3j\u00e1b\u00f3l, \u00e9s van konkr\u00e9t k\u00e9pe arr\u00f3l, hogy n\u00e9zett ki egy utca mondjuk t\u00edz \u00e9ve, lehet, hogy azt hiszi elt\u00e9vedt.<\/p>\n\n\n\n<p>Shakespeare? Ugyan m\u00e1r&#8230; A legt\u00f6bb ember azt se tudja ki az. Nincs tapad\u00e1si pont, amihez k\u00f6t\u0151dni lehetne, ami t\u00e1mpontot ad egy mondat meg\u00e9rt\u00e9s\u00e9hez. \u00c9s t\u00fcrelm\u00fcnk sincs, hogy meghallgassuk. Ilyenkor k\u00e9t dolgot tehet egy alkot\u00f3 elme. 1. A kardj\u00e1ba d\u0151l. 2. Kital\u00e1l valami \u00fajat. De most nagyon komolyat kell dobni, mert itt m\u00e1r egy r\u00e1ncfelvarr\u00e1ssal semmire sem megy\u00fcnk.<\/p>\n\n\n\n<p>R\u00e9gen is egy r\u00e9teg ment sz\u00ednh\u00e1zba. Ma is. R\u00e9gen is kevesen \u00e9rtett\u00e9k az \u00e9rtelmes gondolatokat. Ma is. Nem, nem becs\u00fcl\u00f6m le az embereket, csak \u0151szinte vagyok. A sz\u00ednh\u00e1znak mindig az volt a dolga, hogy t\u00fckr\u00f6t tartson az emberi gyarl\u00f3s\u00e1goknak, ak\u00e1r humorral, ak\u00e1r dr\u00e1m\u00e1val. A maga m\u00f3dj\u00e1n a v\u00e1s\u00e1ri kom\u00e9dia is g\u00f6rbet\u00fck\u00f6r.<\/p>\n\n\n\n<p>De ha felismerj\u00fck, hogy a mondatok \u00fcresen csengenek, az emberi viszonyok ki\u00fcresedtek, a probl\u00e9m\u00e1k megv\u00e1ltoztak, a konfliktusok a h\u00e1bor\u00fas fesz\u00fclts\u00e9gekk\u00e9 fokoz\u00f3dtak, akkor ezt kell sz\u00ednpadra \u00e1ll\u00edtani. Ezt a megv\u00e1ltozott vil\u00e1got, aminek r\u00e9sze, kiker\u00fclhetetlen r\u00e9sze az online vil\u00e1g.<\/p>\n\n\n\n<p>\u00d6ssze kell sim\u00edtani az offline teret az online t\u00e9rrel. Az emberi elm\u00e9t a g\u00e9pi elm\u00e9vel. \u00c9s meg kell n\u00e9zni, hogy mik\u00e9nt m\u0171k\u00f6dik a sz\u00ednpadon az a h\u00e9tk\u00f6znapi \u00e9let, ami a h\u00e9tk\u00f6znapokban virtu\u00e1lisan zajlik. \u00c1talakul a vil\u00e1g, \u00e1talakul az ember, \u00e9s az emberi viszonyok. \u00dagy kell \u00e1talak\u00edtani a sz\u00ednh\u00e1z t\u00fck\u00f6rszerep\u00e9t, hogy val\u00f3ban a val\u00f3s\u00e1got t\u00fckr\u00f6zze vissza, megmutatva annak vissz\u00e1ss\u00e1gait.<\/p>\n\n\n\n<p>Kicsit olyan ez a j\u00e1t\u00e9k, mint Alice t\u00fck\u00f6rvil\u00e1ga, de az biztos, hogy roppant izgalmas m\u0171helymunka v\u00e1r r\u00e1nk, amiben megteremtj\u00fck a saj\u00e1t emberi\/g\u00e9pi t\u00fck\u00f6rvil\u00e1gunkat. Azt m\u00e9g nem tudjuk, hogy dr\u00e1ma lesz bel\u0151le, vagy kom\u00e9dia. <\/p>\n\n\n\n<p><\/p>\n","protected":false},"excerpt":{"rendered":"<p>H\u00e1t az az id\u0151 amikor kapkodva rohantunk haza, hogy elk\u00e9sz\u00fclj\u00fcnk az esti el\u0151ad\u00e1sra, ahov\u00e1 m\u00e1r hetekkel el\u0151re megvett\u00fck a jegyet, r\u00e9g elm\u00falt.<\/p>\n","protected":false},"author":1,"featured_media":1556,"comment_status":"closed","ping_status":"closed","sticky":false,"template":"","format":"standard","meta":{"_seopress_robots_primary_cat":"none","_seopress_titles_title":"","_seopress_titles_desc":"","_seopress_robots_index":"","_jetpack_memberships_contains_paid_content":false,"footnotes":""},"categories":[1],"tags":[],"class_list":["post-1408","post","type-post","status-publish","format-standard","has-post-thumbnail","hentry","category-uncategorized"],"jetpack_featured_media_url":"https:\/\/grazerungarischestheater.com\/wp-content\/uploads\/2025\/09\/GUT-hol-van-Shakespeare-Do-Pick-Art.jpg","jetpack_sharing_enabled":true,"_links":{"self":[{"href":"https:\/\/grazerungarischestheater.com\/index.php\/wp-json\/wp\/v2\/posts\/1408","targetHints":{"allow":["GET"]}}],"collection":[{"href":"https:\/\/grazerungarischestheater.com\/index.php\/wp-json\/wp\/v2\/posts"}],"about":[{"href":"https:\/\/grazerungarischestheater.com\/index.php\/wp-json\/wp\/v2\/types\/post"}],"author":[{"embeddable":true,"href":"https:\/\/grazerungarischestheater.com\/index.php\/wp-json\/wp\/v2\/users\/1"}],"replies":[{"embeddable":true,"href":"https:\/\/grazerungarischestheater.com\/index.php\/wp-json\/wp\/v2\/comments?post=1408"}],"version-history":[{"count":3,"href":"https:\/\/grazerungarischestheater.com\/index.php\/wp-json\/wp\/v2\/posts\/1408\/revisions"}],"predecessor-version":[{"id":1418,"href":"https:\/\/grazerungarischestheater.com\/index.php\/wp-json\/wp\/v2\/posts\/1408\/revisions\/1418"}],"wp:featuredmedia":[{"embeddable":true,"href":"https:\/\/grazerungarischestheater.com\/index.php\/wp-json\/wp\/v2\/media\/1556"}],"wp:attachment":[{"href":"https:\/\/grazerungarischestheater.com\/index.php\/wp-json\/wp\/v2\/media?parent=1408"}],"wp:term":[{"taxonomy":"category","embeddable":true,"href":"https:\/\/grazerungarischestheater.com\/index.php\/wp-json\/wp\/v2\/categories?post=1408"},{"taxonomy":"post_tag","embeddable":true,"href":"https:\/\/grazerungarischestheater.com\/index.php\/wp-json\/wp\/v2\/tags?post=1408"}],"curies":[{"name":"wp","href":"https:\/\/api.w.org\/{rel}","templated":true}]}}