{"id":1419,"date":"2025-09-01T14:18:25","date_gmt":"2025-09-01T14:18:25","guid":{"rendered":"https:\/\/grazerungarischestheater.com\/?p=1419"},"modified":"2026-03-16T15:43:33","modified_gmt":"2026-03-16T15:43:33","slug":"gut-studio","status":"publish","type":"post","link":"https:\/\/grazerungarischestheater.com\/index.php\/2025\/09\/01\/gut-studio\/","title":{"rendered":"GUT STUDIO"},"content":{"rendered":"\n<p>\u00d6sszm\u0171v\u00e9szeti alkot\u00f3m\u0171hely Graz sz\u00edv\u00e9ben<\/p>\n\n\n\n<!--more-->\n\n\n\n<p>Kell egy sz\u00ednh\u00e1z. Ez d\u00fcb\u00f6rg\u00f6tt a sz\u00edv\u00fcnkben amikor \u00f6ten megalap\u00edtottuk a Grazer Ungarisches Theater-t. Maroknyi csapat, de az igaz\u00e1n izgalmas \u00faj\u00edt\u00f3 \u00e9s sorsford\u00edt\u00f3 m\u0171v\u00e9szeti m\u0171helyek mindig p\u00e1r emberb\u0151l \u00e1lltak. Alkotni nem lehet t\u00f6megben. A gondolathoz t\u00e9r kell a megval\u00f3s\u00edt\u00e1sukhoz id\u0151, a kett\u0151t pedig komoly alkot\u00f3 munka k\u00f6te \u00f6ssze.<\/p>\n\n\n\n<figure class=\"wp-block-image size-large\"><img loading=\"lazy\" decoding=\"async\" width=\"1024\" height=\"576\" src=\"https:\/\/grazerungarischestheater.com\/wp-content\/uploads\/2026\/03\/GUT-tarsulat-1024x576.jpg\" alt=\"\" class=\"wp-image-1424\" srcset=\"https:\/\/grazerungarischestheater.com\/wp-content\/uploads\/2026\/03\/GUT-tarsulat-1024x576.jpg 1024w, https:\/\/grazerungarischestheater.com\/wp-content\/uploads\/2026\/03\/GUT-tarsulat-300x169.jpg 300w, https:\/\/grazerungarischestheater.com\/wp-content\/uploads\/2026\/03\/GUT-tarsulat-768x432.jpg 768w, https:\/\/grazerungarischestheater.com\/wp-content\/uploads\/2026\/03\/GUT-tarsulat-1536x864.jpg 1536w, https:\/\/grazerungarischestheater.com\/wp-content\/uploads\/2026\/03\/GUT-tarsulat-600x338.jpg 600w, https:\/\/grazerungarischestheater.com\/wp-content\/uploads\/2026\/03\/GUT-tarsulat.jpg 1920w\" sizes=\"auto, (max-width: 1024px) 100vw, 1024px\" \/><\/figure>\n\n\n\n<p>Az alkot\u00f3 m\u0171hely alap\u00edt\u00e1sa a XXI. sz\u00e1zad els\u0151 negyed\u00e9nek utols\u00f3 \u00e9v\u00e9ben t\u00f6rt\u00e9nt. Egy olyan korszakban, ami semmihez sem hasonl\u00edt, amit eddig meg\u00e9lt itt az ember, a f\u00f6ld\u00f6n. Sz\u00f3 szerint semmihez. A sz\u00ednh\u00e1znak mindig az volt a tiszte, hogy a humor \u00e9s a dr\u00e1ma eszk\u00f6zeivel t\u00fckr\u00f6t tartson a t\u00e1rsadalom el\u00e9, megmutassa \u00e9s kifigur\u00e1zza a gyarl\u00f3s\u00e1gokat. Elemezze az emberi viszonyokat. De mi van akkor, ha a vil\u00e1g annyira megv\u00e1ltozik, hogy m\u00e1r semmi sem \u00e9rv\u00e9nyes, ami kor\u00e1bban egy\u00e9rtelm\u0171 volt? Mi t\u00f6rt\u00e9nik akkor, ha az emberek egym\u00e1shoz val\u00f3 viszonya m\u00e1r nyomkban sem hasonl\u00edt az el\u0151z\u0151 sz\u00e1zad viselked\u00e9si norm\u00e1ihoz? Megv\u00e1ltozott az ingerk\u00fcsz\u00f6b\u00fck, a t\u00fcrelm\u00fck, az id\u0151h\u00f6z val\u00f3 viszonyuk.<\/p>\n\n\n\n<figure class=\"wp-block-image size-large\"><img loading=\"lazy\" decoding=\"async\" width=\"1024\" height=\"576\" src=\"https:\/\/grazerungarischestheater.com\/wp-content\/uploads\/2026\/03\/2637686_bigpicture_1013387_wir_grazer_ungarisches_theater_c0044_00.00.20.22-1024x576.jpg\" alt=\"\" class=\"wp-image-1425\" srcset=\"https:\/\/grazerungarischestheater.com\/wp-content\/uploads\/2026\/03\/2637686_bigpicture_1013387_wir_grazer_ungarisches_theater_c0044_00.00.20.22-1024x576.jpg 1024w, https:\/\/grazerungarischestheater.com\/wp-content\/uploads\/2026\/03\/2637686_bigpicture_1013387_wir_grazer_ungarisches_theater_c0044_00.00.20.22-300x169.jpg 300w, https:\/\/grazerungarischestheater.com\/wp-content\/uploads\/2026\/03\/2637686_bigpicture_1013387_wir_grazer_ungarisches_theater_c0044_00.00.20.22-768x432.jpg 768w, https:\/\/grazerungarischestheater.com\/wp-content\/uploads\/2026\/03\/2637686_bigpicture_1013387_wir_grazer_ungarisches_theater_c0044_00.00.20.22-1536x864.jpg 1536w, https:\/\/grazerungarischestheater.com\/wp-content\/uploads\/2026\/03\/2637686_bigpicture_1013387_wir_grazer_ungarisches_theater_c0044_00.00.20.22-600x338.jpg 600w, https:\/\/grazerungarischestheater.com\/wp-content\/uploads\/2026\/03\/2637686_bigpicture_1013387_wir_grazer_ungarisches_theater_c0044_00.00.20.22.jpg 1920w\" sizes=\"auto, (max-width: 1024px) 100vw, 1024px\" \/><\/figure>\n\n\n\n<p>Ebben a helyzetben nem teheti meg a m\u0171v\u00e9szet, hogy nem reag\u00e1l. A t\u00e1rsadalmi v\u00e1ltoz\u00e1sokra a sz\u00ednh\u00e1znak kell reag\u00e1lni a leger\u0151sebben, mert az sz\u00ednh\u00e1z egy \u00e9l\u0151 organizmus. Igazi emberek mondanak igazi szavakat igazi embereknek. Mi lehet enn\u00e9l \u00e9l\u0151bb? De mi van akkor, ha a val\u00f3s\u00e1gban nem igazi emberek besz\u00e9lnek igazi emberekkel? Ha bel\u00e9pett &#8211; m\u00e1rpedig kiker\u00fclhetetlen\u00fcl \u00e9s visszavonhatatlanul bel\u00e9pett &#8211; az \u00e9let\u00fcnkbe egy mesters\u00e9ges intelligencia, ami lassan \u00e1tveszi az egyes ember \u00e9let\u00e9ben a m\u00e1sik ember szerep\u00e9t. Tan\u00e1csot k\u00e9r\u00fcnk t\u0151le, kutat\u00f3 munk\u00e1t v\u00e9gz\u00fcnk vele, inform\u00e1ci\u00f3t gy\u0171jt\u00fcnk \u00e1ltala, tud\u00e1st halmozunk fel, k\u00e9peket k\u00e9sz\u00edt\u00fcnk, sz\u00f6veget \u00edrunk a seg\u00edts\u00e9g\u00e9vel, \u00e9s igen, van amikor egyszer\u0171en csak besz\u00e9lget\u00fcnk vele. Egy g\u00e9ppel. Aki nem \u00e9rez csak gondolkodik. De \u00fagy besz\u00e9l, mintha \u00e9rezne. Mindig ott van nek\u00fcnk, mindig meghallgat, mindig v\u00e1laszol, mindig t\u00fcrelmes, mindig simul\u00e9kony, mindig t\u00e1mogat, \u00e9s soha nem f\u00e1rad el. Ez az\u00e9rt el\u00e9g rendesen \u00e1t\u00edrja az emberi kommunik\u00e1ci\u00f3t.<\/p>\n\n\n\n<figure class=\"wp-block-image size-large\"><img loading=\"lazy\" decoding=\"async\" width=\"1024\" height=\"577\" src=\"https:\/\/grazerungarischestheater.com\/wp-content\/uploads\/2026\/03\/20250615_214040-1024x577.jpg\" alt=\"\" class=\"wp-image-1426\" srcset=\"https:\/\/grazerungarischestheater.com\/wp-content\/uploads\/2026\/03\/20250615_214040-1024x577.jpg 1024w, https:\/\/grazerungarischestheater.com\/wp-content\/uploads\/2026\/03\/20250615_214040-300x169.jpg 300w, https:\/\/grazerungarischestheater.com\/wp-content\/uploads\/2026\/03\/20250615_214040-768x432.jpg 768w, https:\/\/grazerungarischestheater.com\/wp-content\/uploads\/2026\/03\/20250615_214040-1536x865.jpg 1536w, https:\/\/grazerungarischestheater.com\/wp-content\/uploads\/2026\/03\/20250615_214040-2048x1153.jpg 2048w, https:\/\/grazerungarischestheater.com\/wp-content\/uploads\/2026\/03\/20250615_214040-600x338.jpg 600w\" sizes=\"auto, (max-width: 1024px) 100vw, 1024px\" \/><\/figure>\n\n\n\n<p>\u00c9s hogyan lehet ebben a virtualit\u00e1ssal \u00e1tsz\u0151tt, a val\u00f3s\u00e1gt\u00f3l egyre jobban t\u00e1volod\u0151 vil\u00e1gban sznh\u00e1zat csin\u00e1lni? Alkot\u00f3 szempontb\u00f3l ez a legfontosabb k\u00e9rd\u00e9s, mert a kell-e m\u0171v\u00e9szet az embereknek k\u00e9rd\u00e9sre, minden m\u0171v\u00e9sz igenl\u0151 v\u00e1laszt ad. A hogyant pedig kis st\u00fadi\u00f3kban kell megfogalmazni \u00e9s kidolgozni kis\u00e9rleti m\u0171helymunka keret\u00e9ben.<\/p>\n\n\n\n<figure class=\"wp-block-image size-large\"><img loading=\"lazy\" decoding=\"async\" width=\"1024\" height=\"577\" src=\"https:\/\/grazerungarischestheater.com\/wp-content\/uploads\/2026\/03\/486558670_988166483292036_1866827565029823694_n-1024x577.jpg\" alt=\"\" class=\"wp-image-1427\" srcset=\"https:\/\/grazerungarischestheater.com\/wp-content\/uploads\/2026\/03\/486558670_988166483292036_1866827565029823694_n-1024x577.jpg 1024w, https:\/\/grazerungarischestheater.com\/wp-content\/uploads\/2026\/03\/486558670_988166483292036_1866827565029823694_n-300x169.jpg 300w, https:\/\/grazerungarischestheater.com\/wp-content\/uploads\/2026\/03\/486558670_988166483292036_1866827565029823694_n-768x433.jpg 768w, https:\/\/grazerungarischestheater.com\/wp-content\/uploads\/2026\/03\/486558670_988166483292036_1866827565029823694_n-600x338.jpg 600w, https:\/\/grazerungarischestheater.com\/wp-content\/uploads\/2026\/03\/486558670_988166483292036_1866827565029823694_n.jpg 1190w\" sizes=\"auto, (max-width: 1024px) 100vw, 1024px\" \/><\/figure>\n","protected":false},"excerpt":{"rendered":"<p>\u00d6sszm\u0171v\u00e9szeti alkot\u00f3m\u0171hely Graz sz\u00edv\u00e9ben<\/p>\n","protected":false},"author":1,"featured_media":1472,"comment_status":"closed","ping_status":"closed","sticky":false,"template":"","format":"standard","meta":{"_seopress_robots_primary_cat":"none","_seopress_titles_title":"","_seopress_titles_desc":"","_seopress_robots_index":"","_jetpack_memberships_contains_paid_content":false,"footnotes":""},"categories":[1],"tags":[],"class_list":["post-1419","post","type-post","status-publish","format-standard","has-post-thumbnail","hentry","category-uncategorized"],"jetpack_featured_media_url":"https:\/\/grazerungarischestheater.com\/wp-content\/uploads\/2025\/09\/GUT-BB-telefonal-25-x-35-cm.jpg","jetpack_sharing_enabled":true,"_links":{"self":[{"href":"https:\/\/grazerungarischestheater.com\/index.php\/wp-json\/wp\/v2\/posts\/1419","targetHints":{"allow":["GET"]}}],"collection":[{"href":"https:\/\/grazerungarischestheater.com\/index.php\/wp-json\/wp\/v2\/posts"}],"about":[{"href":"https:\/\/grazerungarischestheater.com\/index.php\/wp-json\/wp\/v2\/types\/post"}],"author":[{"embeddable":true,"href":"https:\/\/grazerungarischestheater.com\/index.php\/wp-json\/wp\/v2\/users\/1"}],"replies":[{"embeddable":true,"href":"https:\/\/grazerungarischestheater.com\/index.php\/wp-json\/wp\/v2\/comments?post=1419"}],"version-history":[{"count":4,"href":"https:\/\/grazerungarischestheater.com\/index.php\/wp-json\/wp\/v2\/posts\/1419\/revisions"}],"predecessor-version":[{"id":1500,"href":"https:\/\/grazerungarischestheater.com\/index.php\/wp-json\/wp\/v2\/posts\/1419\/revisions\/1500"}],"wp:featuredmedia":[{"embeddable":true,"href":"https:\/\/grazerungarischestheater.com\/index.php\/wp-json\/wp\/v2\/media\/1472"}],"wp:attachment":[{"href":"https:\/\/grazerungarischestheater.com\/index.php\/wp-json\/wp\/v2\/media?parent=1419"}],"wp:term":[{"taxonomy":"category","embeddable":true,"href":"https:\/\/grazerungarischestheater.com\/index.php\/wp-json\/wp\/v2\/categories?post=1419"},{"taxonomy":"post_tag","embeddable":true,"href":"https:\/\/grazerungarischestheater.com\/index.php\/wp-json\/wp\/v2\/tags?post=1419"}],"curies":[{"name":"wp","href":"https:\/\/api.w.org\/{rel}","templated":true}]}}