{"id":1436,"date":"2025-08-15T15:40:17","date_gmt":"2025-08-15T15:40:17","guid":{"rendered":"https:\/\/grazerungarischestheater.com\/?p=1436"},"modified":"2026-03-16T16:22:51","modified_gmt":"2026-03-16T16:22:51","slug":"gut-book","status":"publish","type":"post","link":"https:\/\/grazerungarischestheater.com\/index.php\/2025\/08\/15\/gut-book\/","title":{"rendered":"GUT BOOK"},"content":{"rendered":"\n<p>Visual Poetry &amp; Art Books<\/p>\n\n\n\n<!--more-->\n\n\n\n<p>A GUTbook a Grazer Ungarisches Theater alkot\u00f3i m\u0171hely\u00e9nek egyik meghat\u00e1roz\u00f3 eleme. A sz\u00ednh\u00e1z mindig is t\u00f6bb volt puszta el\u0151ad\u00e1sn\u00e1l: gondolkod\u00e1si forma, amely k\u00fcl\u00f6nb\u00f6z\u0151 m\u0171v\u00e9szeti nyelveken reag\u00e1l a vil\u00e1g v\u00e1ltoz\u00e1saira. A sz\u00ednpad, a k\u00e9p \u00e9s a sz\u00f6veg ugyanannak a gondolati megynilv\u00e1nul\u00e1snak k\u00fcl\u00f6nb\u00f6z\u0151 megjelen\u00e9si form\u00e1ja.<\/p>\n\n\n\n<p>A XXI. sz\u00e1zadban a kultur\u00e1lis t\u00e9r gyorsabban v\u00e1ltozik, mint valaha. A gondolatok nemcsak a sz\u00ednh\u00e1zban, hanem k\u00f6nyvekben, k\u00e9pekben, besz\u00e9lget\u00e9sekben \u00e9s digit\u00e1lis fel\u00fcleteken is form\u00e1t keresnek. A GUTbook ennek a folyamatnak a r\u00e9sze: egy olyan kiadv\u00e1nysorozat, amely lehet\u0151s\u00e9get ad arra, hogy az alkot\u00f3i m\u0171helyben sz\u00fclet\u0151 gondolatok m\u00e1s m\u00e9diumban is megjelenjenek.<\/p>\n\n\n\n<p>A k\u00f6nyv lassabb m\u0171faj, mint a sz\u00ednpad. Meg\u00e1ll\u00edtja az id\u0151t, \u00e9s lehet\u0151s\u00e9get ad az elm\u00e9ly\u00fcl\u00e9sre. Egy k\u00f6tetben a k\u00e9p \u00e9s a sz\u00f6veg egy\u00fctt \u00e9p\u00edt gondolati teret, amelyet az olvas\u00f3 saj\u00e1t ritmus\u00e1ban j\u00e1rhat be. Ez k\u00fcl\u00f6n\u00f6sen fontos egy olyan korszakban, amikor a figyelem egyre gyorsabban v\u00e1lt t\u00e9m\u00e1t.<\/p>\n\n\n\n<p>A GUTbook kiadv\u00e1nyai vizu\u00e1lis \u00e9s gondolati k\u00eds\u00e9rletek, amelyek ugyanarra a k\u00e9rd\u00e9sre keresik a v\u00e1laszt, mint a sz\u00ednpadi munka: hogyan lehet a mai vil\u00e1g tapasztalatait m\u0171v\u00e9szeti form\u00e1ba rendezni.<\/p>\n\n\n\n<p>A sorozatban megjelen\u0151 k\u00f6tetek \u2013 legyenek vizu\u00e1lis k\u00f6lt\u00e9szeti munk\u00e1k, fot\u00f3albumok vagy m\u00e1s k\u00e9pz\u0151m\u0171v\u00e9szeti projektek \u2013 mind egy k\u00f6z\u00f6s alkot\u00f3i folyamat r\u00e9szei. A GUTstudio m\u0171hely\u00e9ben sz\u00fcletnek, \u00e9s ugyanazt a k\u00e9rd\u00e9st vizsg\u00e1lj\u00e1k k\u00fcl\u00f6nb\u00f6z\u0151 form\u00e1kban: hogyan lehet m\u0171v\u00e9szettel reag\u00e1lni egy gyorsan v\u00e1ltoz\u00f3 vil\u00e1gra.<\/p>\n","protected":false},"excerpt":{"rendered":"<p>Visual Poetry &amp; Art Books<\/p>\n","protected":false},"author":1,"featured_media":1503,"comment_status":"closed","ping_status":"closed","sticky":false,"template":"","format":"standard","meta":{"_seopress_robots_primary_cat":"none","_seopress_titles_title":"","_seopress_titles_desc":"","_seopress_robots_index":"","_jetpack_memberships_contains_paid_content":false,"footnotes":""},"categories":[1],"tags":[],"class_list":["post-1436","post","type-post","status-publish","format-standard","has-post-thumbnail","hentry","category-uncategorized"],"jetpack_featured_media_url":"https:\/\/grazerungarischestheater.com\/wp-content\/uploads\/2025\/08\/GUT-book-borito.jpg","jetpack_sharing_enabled":true,"_links":{"self":[{"href":"https:\/\/grazerungarischestheater.com\/index.php\/wp-json\/wp\/v2\/posts\/1436","targetHints":{"allow":["GET"]}}],"collection":[{"href":"https:\/\/grazerungarischestheater.com\/index.php\/wp-json\/wp\/v2\/posts"}],"about":[{"href":"https:\/\/grazerungarischestheater.com\/index.php\/wp-json\/wp\/v2\/types\/post"}],"author":[{"embeddable":true,"href":"https:\/\/grazerungarischestheater.com\/index.php\/wp-json\/wp\/v2\/users\/1"}],"replies":[{"embeddable":true,"href":"https:\/\/grazerungarischestheater.com\/index.php\/wp-json\/wp\/v2\/comments?post=1436"}],"version-history":[{"count":3,"href":"https:\/\/grazerungarischestheater.com\/index.php\/wp-json\/wp\/v2\/posts\/1436\/revisions"}],"predecessor-version":[{"id":1442,"href":"https:\/\/grazerungarischestheater.com\/index.php\/wp-json\/wp\/v2\/posts\/1436\/revisions\/1442"}],"wp:featuredmedia":[{"embeddable":true,"href":"https:\/\/grazerungarischestheater.com\/index.php\/wp-json\/wp\/v2\/media\/1503"}],"wp:attachment":[{"href":"https:\/\/grazerungarischestheater.com\/index.php\/wp-json\/wp\/v2\/media?parent=1436"}],"wp:term":[{"taxonomy":"category","embeddable":true,"href":"https:\/\/grazerungarischestheater.com\/index.php\/wp-json\/wp\/v2\/categories?post=1436"},{"taxonomy":"post_tag","embeddable":true,"href":"https:\/\/grazerungarischestheater.com\/index.php\/wp-json\/wp\/v2\/tags?post=1436"}],"curies":[{"name":"wp","href":"https:\/\/api.w.org\/{rel}","templated":true}]}}