{"id":1464,"date":"2026-03-02T17:36:57","date_gmt":"2026-03-02T17:36:57","guid":{"rendered":"https:\/\/grazerungarischestheater.com\/?p=1464"},"modified":"2026-03-15T17:37:28","modified_gmt":"2026-03-15T17:37:28","slug":"gut-podcast","status":"publish","type":"post","link":"https:\/\/grazerungarischestheater.com\/index.php\/2026\/03\/02\/gut-podcast\/","title":{"rendered":"GUT PODCAST"},"content":{"rendered":"\n<p>A kteat\u00edv gondolatok tere.<\/p>\n\n\n\n<!--more-->\n\n\n\n<p>A GUTpodcast a Grazer Ungarisches Theater alkot\u00f3i m\u0171hely\u00e9nek besz\u00e9lget\u0151 tere. A sz\u00ednh\u00e1z sz\u00e1munkra nemcsak el\u0151ad\u00e1sokat jelent, hanem a gondolatok megvitat\u00e1s\u00e1nak fontoss\u00e1g\u00e1t a vil\u00e1gr\u00f3l, amelyben \u00e9l\u00fcnk. A podcast ezt a m\u00e1sokkal val\u00f3 egy\u00fctt  gondolkod\u00e1st teszi hallhat\u00f3v\u00e1.<\/p>\n\n\n\n<p>Besz\u00e9lget\u00e9seinkben k\u00fcl\u00f6nb\u00f6z\u0151 ter\u00fcletek alkot\u00f3i tal\u00e1lkoznak: \u00e9p\u00edt\u00e9szek, k\u00e9pz\u0151m\u0171v\u00e9szek, tervez\u0151k, zen\u00e9szek, vend\u00e9gl\u00e1t\u00f3sok vagy m\u00e1s kreat\u00edv szakm\u00e1k k\u00e9pvisel\u0151i. Mindannyian ugyanabban a gyorsan v\u00e1ltoz\u00f3 vil\u00e1gban dolgozunk, \u00e9s mindannyian keress\u00fck a saj\u00e1t v\u00e1laszainkat arra, hogyan alakul \u00e1t a kult\u00fara, a munka \u00e9s az emberi kapcsolatok a XXI. sz\u00e1zadban.<\/p>\n\n\n\n<p>A besz\u00e9lget\u00e9sek gyakran k\u00e9t nyelven zajlanak. A k\u00e9rd\u00e9sek magyarul hangzanak el, a v\u00e1laszok a besz\u00e9lget\u0151 partner nyelv\u00e9n \u00e9rkeznek. Sz\u00e1munkra ez term\u00e9szetes helyzet egy olyan v\u00e1rosban, ahol t\u00f6bb kult\u00fara \u00e9l egym\u00e1s mellett. Ezzel is azt k\u00edv\u00e1njuk sugallni, hogy a gondolatok nem nyelvhez k\u00f6t\u0151dnek.<\/p>\n\n\n\n<p>A GUT Podcast c\u00e9lja az \u00e9rtelmes p\u00e1rbesz\u00e9d az \u00e9let k\u00fcl\u00f6nb\u00f6z\u0151 ter\u00fcleteinek kult\u00far\u00e1j\u00e1r\u00f3l. K\u00edv\u00e1ncsiak vagyunk m\u00e1sok tapasztalataira, ebben a kozmikus sebess\u00e9ggel v\u00e1ltoz\u00f3 vil\u00e1gban. Arra, hogyan l\u00e1tj\u00e1k m\u00e1sok a v\u00e1ltoz\u00e1sokat, hogyan \u00e9rinti a munk\u00e1jukat, \u00e9letform\u00e1jukat \u00e9s milyen v\u00e1laszokat adnak r\u00e1 a saj\u00e1t ter\u00fclet\u00fck\u00f6n.<\/p>\n\n\n\n<p>A besz\u00e9lget\u00e9sek a GUTstudio m\u0171helymunk\u00e1j\u00e1nak r\u00e9szei. Ugyanabb\u00f3l a k\u00edv\u00e1ncsis\u00e1gb\u00f3l sz\u00fcletnek, mint a sz\u00ednpadi k\u00eds\u00e9rletek vagy a k\u00f6nyvek, hogyan lehet m\u0171v\u00e9szeti \u00e9s gondolati form\u00e1kon kereszt\u00fcl reag\u00e1lni arra a vil\u00e1gra, amely folyamatosan alakul k\u00f6r\u00fcl\u00f6tt\u00fcnk.<\/p>\n\n\n\n<p><\/p>\n","protected":false},"excerpt":{"rendered":"<p>A kteat\u00edv gondolatok tere.<\/p>\n","protected":false},"author":1,"featured_media":1471,"comment_status":"closed","ping_status":"closed","sticky":false,"template":"","format":"standard","meta":{"_seopress_robots_primary_cat":"none","_seopress_titles_title":"","_seopress_titles_desc":"","_seopress_robots_index":"","_jetpack_memberships_contains_paid_content":false,"footnotes":""},"categories":[1],"tags":[],"class_list":["post-1464","post","type-post","status-publish","format-standard","has-post-thumbnail","hentry","category-uncategorized"],"jetpack_featured_media_url":"https:\/\/grazerungarischestheater.com\/wp-content\/uploads\/2026\/03\/GUT-podcast.jpg","jetpack_sharing_enabled":true,"_links":{"self":[{"href":"https:\/\/grazerungarischestheater.com\/index.php\/wp-json\/wp\/v2\/posts\/1464","targetHints":{"allow":["GET"]}}],"collection":[{"href":"https:\/\/grazerungarischestheater.com\/index.php\/wp-json\/wp\/v2\/posts"}],"about":[{"href":"https:\/\/grazerungarischestheater.com\/index.php\/wp-json\/wp\/v2\/types\/post"}],"author":[{"embeddable":true,"href":"https:\/\/grazerungarischestheater.com\/index.php\/wp-json\/wp\/v2\/users\/1"}],"replies":[{"embeddable":true,"href":"https:\/\/grazerungarischestheater.com\/index.php\/wp-json\/wp\/v2\/comments?post=1464"}],"version-history":[{"count":4,"href":"https:\/\/grazerungarischestheater.com\/index.php\/wp-json\/wp\/v2\/posts\/1464\/revisions"}],"predecessor-version":[{"id":1470,"href":"https:\/\/grazerungarischestheater.com\/index.php\/wp-json\/wp\/v2\/posts\/1464\/revisions\/1470"}],"wp:featuredmedia":[{"embeddable":true,"href":"https:\/\/grazerungarischestheater.com\/index.php\/wp-json\/wp\/v2\/media\/1471"}],"wp:attachment":[{"href":"https:\/\/grazerungarischestheater.com\/index.php\/wp-json\/wp\/v2\/media?parent=1464"}],"wp:term":[{"taxonomy":"category","embeddable":true,"href":"https:\/\/grazerungarischestheater.com\/index.php\/wp-json\/wp\/v2\/categories?post=1464"},{"taxonomy":"post_tag","embeddable":true,"href":"https:\/\/grazerungarischestheater.com\/index.php\/wp-json\/wp\/v2\/tags?post=1464"}],"curies":[{"name":"wp","href":"https:\/\/api.w.org\/{rel}","templated":true}]}}