{"id":1557,"date":"2026-03-07T20:38:52","date_gmt":"2026-03-07T20:38:52","guid":{"rendered":"https:\/\/grazerungarischestheater.com\/?p=1557"},"modified":"2026-04-21T17:19:44","modified_gmt":"2026-04-21T17:19:44","slug":"mindig-itt-vagyok-neked-premier","status":"publish","type":"post","link":"https:\/\/grazerungarischestheater.com\/index.php\/2026\/03\/07\/mindig-itt-vagyok-neked-premier\/","title":{"rendered":"\u00c9N MINDIG ITT VAGYOK NEKED \/ PREMIER"},"content":{"rendered":"\n<p>Azt hiszed ez egy ny\u00e1las, duma, amivel h\u00fcly\u00edt a veled kapcsolatban \u00e9l\u0151 m\u00e1sik? \u00c9s nem.<\/p>\n\n\n\n<!--more-->\n\n\n\n<p>Ma m\u00e1r ritk\u00e1n mondjuk ezt egym\u00e1snak. Ha h\u00e1zass\u00e1gban \u00e9l\u00fcnk, ha p\u00e1rkapcsolatban. Fizikailag lehet, hogy ott vagyunk egym\u00e1s mellett, de az egyik kez\u00fcnkben szinte mindig ott van a mobiltelefon, amit f\u00e9l szemmel folyamatosan b\u00f6ng\u00e9sz\u00fcnk. \u00cdgy azt\u00e1n ezt a kedves \u00e9s sz\u00edvhez sz\u00f3l\u00f3 mondatot ma m\u00e1r gyakran nem egym\u00e1st\u00f3l halljuk, hanem az AI-t\u00f3l, amikor \u00e9ppen be akarjuk z\u00e1rni a chatablakot.<\/p>\n\n\n\n<p>Ott van. Mindig kedves, szolg\u00e1latk\u00e9sz, soha nem f\u00e1radt, soha nem t\u00fcrelmetlen. Mindig v\u00e1laszol. \u00c9s jelen van az \u00e9letedben. A kapcsolatodban. A h\u00e1zass\u00e1godban. N\u00e9gyen vagytok ketten. T\u0151le k\u00e9r\u00fcnk tan\u00e1csot a probl\u00e9m\u00e1inkra. Mindegyikre. De hogyan f\u00e9r bele mindez egy val\u00f3s emberi kapcsolatba?<\/p>\n\n\n\n<p><strong>Do Pick<\/strong> k\u00eds\u00e9rleti el\u0151ad\u00e1s\u00e1ban a mesters\u00e9ges intelligencia nem egy antropomorfiz\u00e1lt szerepl\u0151k\u00e9nt jelenik meg, hanem saj\u00e1t m\u0171k\u00f6d\u00e9si logik\u00e1j\u00e1ban vesz r\u00e9szt a j\u00e1t\u00e9kban: k\u00e9t nyitott chatablakon kereszt\u00fcl, val\u00f3s id\u0151ben reag\u00e1lva a sz\u00ednpadi helyzetekre. Ebb\u0151l k\u00f6vetkez\u0151en egyetlen el\u0151ad\u00e1st sem lehet teljesen megtervezni. Mindegyik m\u00e1sk\u00e9nt alakul, m\u00e9g akkor is, ha a storyboard adott. Ez a helyzet alapjaiban v\u00e1ltoztatja meg a sz\u00ednj\u00e1tsz\u00e1s megszokott szab\u00e1lyrendszer\u00e9t, \u00e9letbe l\u00e9ptetve a \u201eno script\u201d elv\u00e9t.<\/p>\n\n\n\n<p><strong>Ebben a form\u00e1ban a mesters\u00e9ges intelligencia m\u00e9g nem jelent meg sz\u00ednh\u00e1zi el\u0151ad\u00e1sban.<br>A mesters\u00e9ges intelligencia itt nem szerepl\u0151t alak\u00edt, hanem saj\u00e1t m\u0171k\u00f6d\u00e9si logik\u00e1j\u00e1val vesz r\u00e9szt a j\u00e1t\u00e9kban. A GUTstage Non-Deterministic Theatre<\/strong> <strong>el\u0151ad\u00e1sa egy \u00faj sz\u00ednh\u00e1zi helyzetet hoz l\u00e9tre: a mesters\u00e9ges intelligencia nem karakterk\u00e9nt, hanem val\u00f3s idej\u0171 kommunik\u00e1ci\u00f3s partnerk\u00e9nt jelenik meg a sz\u00ednpadon.<\/strong><\/p>\n\n\n\n<p>Ebb\u0151l a val\u00f3s idej\u0171 jelenl\u00e9tb\u0151l k\u00fcl\u00f6n\u00f6sen izgalmas fesz\u00fclts\u00e9gek sz\u00fcletnek, amelyekben az is kider\u00fcl, miben k\u00fcl\u00f6nb\u00f6zik, \u00e9s miben hasonl\u00edt egym\u00e1shoz a mesters\u00e9ges \u00e9s az emberi intelligencia. A darab egyik legfontosabb felismer\u00e9se, hogy a k\u00e9rd\u00e9s mindig meghat\u00e1rozza a v\u00e1laszt.<\/p>\n\n\n\n<p><span style=\"color: rgb(13, 13, 13); font-family: Roboto, Noto, sans-serif; font-size: 15px;\"><strong>Premier: Grazer Ungarisches Theater, 2026. m\u00e1rcius 7.<br>Koncepci\u00f3 \u00e9s rendez\u00e9s: Do Pick<br>A produkci\u00f3 az AI val\u00f3s idej\u0171 sz\u00ednpadi jelenl\u00e9t\u00e9nek eddig nem haszn\u00e1lt k\u00eds\u00e9rleti form\u00e1j\u00e1t alkalmazza. A form\u00e1tum a Grazer Ungarisches Theater GUTstage m\u0171hely\u00e9ben ker\u00fclt kidolgoz\u00e1sra.<br>\u00a9 Grazer Ungarisches Theater \u2013 All rights reserved.<\/strong><\/span><\/p>\n\n\n\n<p>GUTstage \u2013 Non-Deterministic Theatre \u00a9 developed by Do Pick<br>a kisz\u00e1m\u00edthatatlans\u00e1g sz\u00ednh\u00e1za &#8211; a XXI. sz\u00e1zadi sz\u00ednh\u00e1z formanyelv\u00faj\u00edt\u00f3 k\u00eds\u00e9rlete<\/p>\n\n\n\n<p><\/p>\n","protected":false},"excerpt":{"rendered":"<p>Azt hiszed ez egy ny\u00e1las, duma, amivel h\u00fcly\u00edt a veled kapcsolatban \u00e9l\u0151 m\u00e1sik? \u00c9s nem.<\/p>\n","protected":false},"author":1,"featured_media":1621,"comment_status":"closed","ping_status":"closed","sticky":false,"template":"","format":"standard","meta":{"_seopress_robots_primary_cat":"none","_seopress_titles_title":"","_seopress_titles_desc":"","_seopress_robots_index":"","_jetpack_memberships_contains_paid_content":false,"footnotes":""},"categories":[1],"tags":[],"class_list":["post-1557","post","type-post","status-publish","format-standard","has-post-thumbnail","hentry","category-uncategorized"],"jetpack_featured_media_url":"https:\/\/grazerungarischestheater.com\/wp-content\/uploads\/2026\/03\/Do-Pick-EN-MINDIG-ITT-VAGYOK-NEKED-PLAKAT-scaled.jpg","jetpack_sharing_enabled":true,"_links":{"self":[{"href":"https:\/\/grazerungarischestheater.com\/index.php\/wp-json\/wp\/v2\/posts\/1557","targetHints":{"allow":["GET"]}}],"collection":[{"href":"https:\/\/grazerungarischestheater.com\/index.php\/wp-json\/wp\/v2\/posts"}],"about":[{"href":"https:\/\/grazerungarischestheater.com\/index.php\/wp-json\/wp\/v2\/types\/post"}],"author":[{"embeddable":true,"href":"https:\/\/grazerungarischestheater.com\/index.php\/wp-json\/wp\/v2\/users\/1"}],"replies":[{"embeddable":true,"href":"https:\/\/grazerungarischestheater.com\/index.php\/wp-json\/wp\/v2\/comments?post=1557"}],"version-history":[{"count":9,"href":"https:\/\/grazerungarischestheater.com\/index.php\/wp-json\/wp\/v2\/posts\/1557\/revisions"}],"predecessor-version":[{"id":1695,"href":"https:\/\/grazerungarischestheater.com\/index.php\/wp-json\/wp\/v2\/posts\/1557\/revisions\/1695"}],"wp:featuredmedia":[{"embeddable":true,"href":"https:\/\/grazerungarischestheater.com\/index.php\/wp-json\/wp\/v2\/media\/1621"}],"wp:attachment":[{"href":"https:\/\/grazerungarischestheater.com\/index.php\/wp-json\/wp\/v2\/media?parent=1557"}],"wp:term":[{"taxonomy":"category","embeddable":true,"href":"https:\/\/grazerungarischestheater.com\/index.php\/wp-json\/wp\/v2\/categories?post=1557"},{"taxonomy":"post_tag","embeddable":true,"href":"https:\/\/grazerungarischestheater.com\/index.php\/wp-json\/wp\/v2\/tags?post=1557"}],"curies":[{"name":"wp","href":"https:\/\/api.w.org\/{rel}","templated":true}]}}