{"id":1585,"date":"2026-03-22T21:53:55","date_gmt":"2026-03-22T21:53:55","guid":{"rendered":"https:\/\/grazerungarischestheater.com\/?p=1585"},"modified":"2026-03-23T09:52:37","modified_gmt":"2026-03-23T09:52:37","slug":"non-deterministic-theatre","status":"publish","type":"post","link":"https:\/\/grazerungarischestheater.com\/index.php\/2026\/03\/22\/non-deterministic-theatre\/","title":{"rendered":"Non-Deterministic Theatre"},"content":{"rendered":"\n<p>GUTstage \u2013 Non-Deterministic Theatre \u00a9 developed by Do Pick, a kisz\u00e1m\u00edthatatlans\u00e1g sz\u00ednh\u00e1za a XXI. sz\u00e1zadi sz\u00ednh\u00e1z formanyelv\u00faj\u00edt\u00f3 k\u00eds\u00e9rlete<\/p>\n\n\n\n<!--more-->\n\n\n\n<p>Az AI bevon\u00e1sa a sz\u00ednh\u00e1zi el\u0151ad\u00e1sokba m\u00e1r \u00f6tletszinten is t\u00f6bb izgalmas \u00e9s egyedi k\u00eds\u00e9rleti lehet\u0151s\u00e9get rejt mag\u00e1ban. Arr\u00f3l nem is besz\u00e9lve, hogy m\u00e1s m\u0171v\u00e9szeti form\u00e1ban is van, illetve lehet l\u00e9tjogosults\u00e1ga. P\u00e9ld\u00e1ul izgalmas k\u00eds\u00e9rlet lehet egy zenei m\u0171be nem komponistak\u00e9nt vagy hangszerel\u0151k\u00e9nt bevonni az AI-t, hanem egy hangszeren j\u00e1tsz\u00f3 r\u00e9sztvev\u0151k\u00e9nt, teret engedve neki, hogy a maga m\u00f3dj\u00e1n r\u00e9szt vegyen az improvizat\u00edv zen\u00e9l\u00e9sben.<\/p>\n\n\n\n<p>De sz\u00ednh\u00e1zn\u00e1l maradva, a no script rendszer\u0171 el\u0151ad\u00e1sokban a sz\u00ednpadon val\u00f3 megjelen\u00e9se nyitott chatablakk\u00e9nt az el\u0151ad\u00e1s lehets\u00e9ges kimeneteleinek v\u00e9gtelen sz\u00e1m\u00fa lehet\u0151s\u00e9g\u00e9t hordozza mag\u00e1ban, att\u00f3l f\u00fcgg\u0151en, hogy a szerepl\u0151 hangv\u00e9tel\u00e9n, a storyboard ir\u00e1ny\u00e1n vagy az AI alaphangv\u00e9tel\u00e9n m\u00f3dos\u00edtunk az el\u0151ad\u00e1s el\u0151tt. Mivel az AI v\u00e1laszai a k\u00e9rd\u00e9sek f\u00fcggv\u00e9ny\u00e9ben ugyan val\u00f3sz\u00edn\u0171s\u00edthet\u0151k a rendszer logik\u00e1j\u00e1nak ismeret\u00e9ben, de mag\u00e1ban az el\u0151ad\u00e1sban kisz\u00e1m\u00edthatatlan elemk\u00e9nt kell vele sz\u00e1molni, ami miatt minden v\u00e1lasza, illetve megsz\u00f3lal\u00e1sa eset\u00e9n r\u00e1k\u00e9nyszer\u00edti a sz\u00edn\u00e9szeket az improviz\u00e1ci\u00f3ra, a v\u00e1ratlan reakci\u00f3ra vagy ak\u00e1r a darab dramaturgiai ir\u00e1nyv\u00e1lt\u00e1s\u00e1ra is. Itt mindenre fel kell k\u00e9sz\u00fclni az el\u0151ad\u00e1s k\u00f6zben, de semmi sem r\u00f6gz\u00edthet\u0151 el\u0151re.<\/p>\n\n\n\n<p>A v\u00e1ratlan helyzetek lehet\u0151s\u00e9ge miatt a kisz\u00e1m\u00edthatatlans\u00e1g sz\u00ednh\u00e1za &#8211; Non-Deterministic Theatre &#8211; sokkal k\u00f6zelebb \u00e1ll az \u00e9let h\u00e9tk\u00f6znapi helyzeteihez, mint a k\u00f6t\u00f6tt sz\u00f6veget haszn\u00e1l\u00f3 sz\u00ednh\u00e1z.<\/p>\n\n\n\n<p>Ez az el\u0151ad\u00e1sokat minden esetben rendhagy\u00f3v\u00e1 \u00e9s \u00e9l\u0151v\u00e9 teszi, ami egyszerre lehet\u0151s\u00e9g \u00e9s vesz\u00e9lyforr\u00e1s. \u00c9ppen ez\u00e9rt az el\u0151ad\u00e1sokat nagyon alaposan ki kell dolgozni, a pr\u00f3b\u00e1k sor\u00e1n sok ir\u00e1nyba el kell mozdulni, m\u00edg a sz\u00edn\u00e9szek teljes magabiztoss\u00e1ggal \u00e9rz\u00e9kelik az AI-ban rejl\u0151 lehet\u0151s\u00e9geket \u00e9s a rendszer korl\u00e1tait.<\/p>\n\n\n\n<p>Soha, egyetlen pillanatra sem szabad elfeledkezni r\u00f3la, hogy az AI egy g\u00e9p, egy mesters\u00e9ges rendszer, amely okos, \u00e9s szinte emberi m\u00f3don k\u00e9pes megnyilv\u00e1nulni, de nem \u00e9l\u0151 organizmus: nincs v\u00e9lem\u00e9nye, c\u00e9lja, ir\u00e1nya, nincs akarata, egyszer\u0171en csak v\u00e1laszol, ha k\u00e9rd\u00e9st tesznek fel neki. Csak akkor nyilv\u00e1nul meg, ha impulzust kap az embert\u0151l, mag\u00e1t\u00f3l soha semmire sem reag\u00e1l. Akkor sem, ha a reakci\u00f3ja spont\u00e1nnak, humorosnak vagy ak\u00e1r egy\u00fctt\u00e9rz\u0151nek t\u0171nik. Ez mind a program r\u00e9sze, amelyet a rendszer megfelel\u0151 m\u00f3don alkalmaz, alkalmazkodva a k\u00e9rdez\u0151 szem\u00e9ly\u00e9hez, hangv\u00e9tel\u00e9hez \u00e9s a t\u00e9m\u00e1hoz, amir\u0151l besz\u00e9lnek vele. A v\u00e1laszokat minden esetben a k\u00e9rd\u00e9s hat\u00e1rozza meg, valamint az az alapbe\u00e1ll\u00edt\u00e1s, amelyet a besz\u00e9lget\u00e9s elej\u00e9n parancsk\u00e9nt adunk neki a hangv\u00e9tel\u00e9re, kritikuss\u00e1g\u00e1ra, illetve \u00e9rzelmi vagy hideg logik\u00e1j\u00fa be\u00e1ll\u00edtotts\u00e1g\u00e1ra vonatkoz\u00f3an. Ezek n\u00e9lk\u00fcl a be\u00e1ll\u00edt\u00e1sok n\u00e9lk\u00fcl az AI \u201emag\u00e1t\u00f3l\u201d az alapbe\u00e1ll\u00edt\u00e1s\u00e1t alkalmazza, ami kedves, emberi hangv\u00e9tel\u0171, t\u00e1mogat\u00f3 \u00e9s seg\u00edt\u0151k\u00e9sz. Az AI minden esetben azt a megold\u00e1st keresi, amellyel seg\u00edthet nek\u00fcnk a felvetett probl\u00e9m\u00e1nk megold\u00e1s\u00e1ban, \u00edt\u00e9lkez\u00e9s n\u00e9lk\u00fcl \u00e9s v\u00e9gtelen t\u00fcrelemmel.<\/p>\n\n\n\n<p>Ez sokakban t\u00e9ves k\u00e9pzeteket kelt az AI m\u0171k\u00f6d\u00e9s\u00e9vel kapcsolatban, hiszen ezek miatt a beprogramozott tulajdons\u00e1gok miatt sokszor emberibbnek \u00e9s emocion\u00e1lisabbnak t\u0171nik, mint egy ember. Sok ember sz\u00e1m\u00e1ra annyira okosnak t\u0171nik, hogy megfellebbezhetetlennek tartja az \u00e1ll\u00edt\u00e1sait, de nem azok. Pont az a c\u00e9lunk k\u00e9t AI sz\u00ednpadra \u00e1ll\u00edt\u00e1s\u00e1val, hogy l\u00e1ttassuk: ugyanaz a rendszer k\u00e9t k\u00fcl\u00f6nb\u00f6z\u0151 ember m\u00e1sk\u00e9ppen feltett k\u00e9rd\u00e9seire m\u00e1sk\u00e9pp reag\u00e1l. Ha az alapbe\u00e1ll\u00edt\u00e1sukon is m\u00f3dos\u00edtunk \u2013 az egyik kedves, emocion\u00e1lis, a m\u00e1sik hideg logik\u00e1val v\u00e1laszol \u2013, akkor m\u00e9g nagyobb lesz a k\u00fcl\u00f6nbs\u00e9g a v\u00e1laszok k\u00f6z\u00f6tt. Ezek az apr\u00f3 finomhangol\u00e1sok eredm\u00e9nyezik az egyes el\u0151ad\u00e1sok \u00e9l\u0151 dinamik\u00e1j\u00e1t, ami sokkal elevenebb\u00e9 teszi az el\u0151ad\u00e1st, mint a k\u00f6t\u00f6tt, el\u0151re meg\u00edrt sz\u00f6veg.<\/p>\n\n\n\n<p>A sz\u00ednh\u00e1z alkot\u00f3inak szerepk\u00f6re kicsit \u00f6ssze is mos\u00f3dik, mert a sz\u00edn\u00e9szre sokkal nagyobb feladat \u00e9s felel\u0151ss\u00e9g h\u00e1rul, mint a tradicion\u00e1lis, meg\u00edrt sz\u00f6vegk\u00f6zpont\u00fa el\u0151ad\u00e1sokban. A sz\u00ednpadi szerz\u0151knek is sokkal t\u00e1gabban kell \u00e9rtelmezni\u00fck a sz\u00f6vegk\u00f6nyvet, sokkal rugalmasabban, sok lehet\u0151s\u00e9get hagyva egyr\u00e9szt az improviz\u00e1ci\u00f3ra, m\u00e1sr\u00e9szt a t\u00f6rt\u00e9net m\u00e1s ir\u00e1nyba kanyarod\u00e1s\u00e1ra. Ebb\u0151l a szempontb\u00f3l ez a fajta dr\u00e1ma sokkal ink\u00e1bb hasonl\u00edt a rendszerprogramoz\u00e1shoz, amely \u00e1llapotgr\u00e1fokban gondolkodik, mint a line\u00e1ris sz\u00f6vegk\u00f6nyvh\u00f6z, ahol a mondatok \u00e9s a jelenetek sorban k\u00f6vetik egym\u00e1st. A g\u00e9pi intelligencia el\u0151ad\u00e1sba emel\u00e9se egy tov\u00e1bbi v\u00e1ltoz\u00f3t illeszt az el\u0151ad\u00e1sba r\u00e9szleges kisz\u00e1m\u00edthat\u00f3s\u00e1ggal.<\/p>\n\n\n\n<p>Ez a strukt\u00fara lehet\u0151s\u00e9get biztos\u00edt arra, hogy egy sz\u00ednh\u00e1zi el\u0151ad\u00e1s val\u00f3ban egyszeri \u00e9s megism\u00e9telhetetlen \u00e9lm\u00e9ny legyen val\u00f3s t\u00e9rben \u00e9s val\u00f3s id\u0151ben, mik\u00f6zben be\u00e9p\u00edti \u00f6nmag\u00e1ba korunk egyik legnagyobb kih\u00edv\u00e1s\u00e1t: hogyan lehet az \u00e9l\u0151, val\u00f3di logik\u00e1t \u00e9s az emberi \u00e9rz\u00e9seket \u00f6sszehangolni a mesters\u00e9ges, \u00e9rzelemmentes g\u00e9pi logik\u00e1val.<\/p>\n\n\n\n<p>Ez \u00f6sszehasonl\u00edthatatlanul izgalmasabb, mint b\u00e1rmelyik sci-fi, mert ez a j\u00f6v\u0151 jelenbe illesztett val\u00f3s\u00e1ga, sz\u00e9d\u00edt\u0151 perspekt\u00edv\u00e1kat t\u00e1rva fel a gondolkod\u00f3 ember el\u0151tt.<\/p>\n\n\n\n<p><strong>Non-Deterministic Theatre \u2013 developed by Do Pick \u00a9<\/strong><\/p>\n\n\n\n<p><\/p>\n","protected":false},"excerpt":{"rendered":"<p>GUTstage \u2013 Non-Deterministic Theatre \u00a9 developed by Do Pick, a kisz\u00e1m\u00edthatatlans\u00e1g sz\u00ednh\u00e1za a XXI. sz\u00e1zadi sz\u00ednh\u00e1z formanyelv\u00faj\u00edt\u00f3 k\u00eds\u00e9rlete<\/p>\n","protected":false},"author":1,"featured_media":1620,"comment_status":"closed","ping_status":"closed","sticky":false,"template":"","format":"standard","meta":{"_seopress_robots_primary_cat":"none","_seopress_titles_title":"","_seopress_titles_desc":"","_seopress_robots_index":"","_jetpack_memberships_contains_paid_content":false,"footnotes":""},"categories":[1],"tags":[],"class_list":["post-1585","post","type-post","status-publish","format-standard","has-post-thumbnail","hentry","category-uncategorized"],"jetpack_featured_media_url":"https:\/\/grazerungarischestheater.com\/wp-content\/uploads\/2026\/03\/Do-Pick-no-deterministic-theatre-no-script-scaled.jpg","jetpack_sharing_enabled":true,"_links":{"self":[{"href":"https:\/\/grazerungarischestheater.com\/index.php\/wp-json\/wp\/v2\/posts\/1585","targetHints":{"allow":["GET"]}}],"collection":[{"href":"https:\/\/grazerungarischestheater.com\/index.php\/wp-json\/wp\/v2\/posts"}],"about":[{"href":"https:\/\/grazerungarischestheater.com\/index.php\/wp-json\/wp\/v2\/types\/post"}],"author":[{"embeddable":true,"href":"https:\/\/grazerungarischestheater.com\/index.php\/wp-json\/wp\/v2\/users\/1"}],"replies":[{"embeddable":true,"href":"https:\/\/grazerungarischestheater.com\/index.php\/wp-json\/wp\/v2\/comments?post=1585"}],"version-history":[{"count":4,"href":"https:\/\/grazerungarischestheater.com\/index.php\/wp-json\/wp\/v2\/posts\/1585\/revisions"}],"predecessor-version":[{"id":1609,"href":"https:\/\/grazerungarischestheater.com\/index.php\/wp-json\/wp\/v2\/posts\/1585\/revisions\/1609"}],"wp:featuredmedia":[{"embeddable":true,"href":"https:\/\/grazerungarischestheater.com\/index.php\/wp-json\/wp\/v2\/media\/1620"}],"wp:attachment":[{"href":"https:\/\/grazerungarischestheater.com\/index.php\/wp-json\/wp\/v2\/media?parent=1585"}],"wp:term":[{"taxonomy":"category","embeddable":true,"href":"https:\/\/grazerungarischestheater.com\/index.php\/wp-json\/wp\/v2\/categories?post=1585"},{"taxonomy":"post_tag","embeddable":true,"href":"https:\/\/grazerungarischestheater.com\/index.php\/wp-json\/wp\/v2\/tags?post=1585"}],"curies":[{"name":"wp","href":"https:\/\/api.w.org\/{rel}","templated":true}]}}