{"id":1666,"date":"2026-04-19T16:34:20","date_gmt":"2026-04-19T16:34:20","guid":{"rendered":"https:\/\/grazerungarischestheater.com\/?p=1666"},"modified":"2026-04-21T17:16:59","modified_gmt":"2026-04-21T17:16:59","slug":"nem-en-vagyok-nem-te-vagy-permier","status":"publish","type":"post","link":"https:\/\/grazerungarischestheater.com\/index.php\/2026\/04\/19\/nem-en-vagyok-nem-te-vagy-permier\/","title":{"rendered":"NEM \u00c9N VAGYOK NEM TE VAGY \/ permier"},"content":{"rendered":"\n<p>Tov\u00e1bbra is az a k\u00e9rd\u00e9s, h\u00e1nyan vagyunk egy k\u00e9tszem\u00e9lyes kapcsolatban, amikor az AI \u00e1lland\u00f3an jelen van akt\u00edv szerepl\u0151k\u00e9nt az \u00e9let\u00fcnkben.<\/p>\n\n\n\n<!--more-->\n\n\n\n<p>Az emberi kapcsolatok ki\u00fcresed\u00e9se a p\u00e1rkapcsolatokban is szembet\u0171n\u0151. \u00dagy gondoljuk, ez korunk meghat\u00e1roz\u00f3 ontol\u00f3giai probl\u00e9m\u00e1ja, aminek a boncolgat\u00e1sa tal\u00e1n seg\u00edt k\u00f6zelebb jutni a megold\u00e1shoz: hogyan tudunk v\u00e1ltoztatni ezen, \u00e9s hogyan maradhat ember az ember a maga \u00e9rz\u0151 \u00e9s intuit\u00edv val\u00f3j\u00e1ban.\u0171<\/p>\n\n\n\n<figure class=\"wp-block-image size-large\"><img loading=\"lazy\" decoding=\"async\" width=\"1024\" height=\"576\" src=\"https:\/\/grazerungarischestheater.com\/wp-content\/uploads\/2026\/04\/20260418_121327-1024x576.jpg\" alt=\"\" class=\"wp-image-1680\" srcset=\"https:\/\/grazerungarischestheater.com\/wp-content\/uploads\/2026\/04\/20260418_121327-1024x576.jpg 1024w, https:\/\/grazerungarischestheater.com\/wp-content\/uploads\/2026\/04\/20260418_121327-300x169.jpg 300w, https:\/\/grazerungarischestheater.com\/wp-content\/uploads\/2026\/04\/20260418_121327-768x432.jpg 768w, https:\/\/grazerungarischestheater.com\/wp-content\/uploads\/2026\/04\/20260418_121327-1536x864.jpg 1536w, https:\/\/grazerungarischestheater.com\/wp-content\/uploads\/2026\/04\/20260418_121327-600x338.jpg 600w, https:\/\/grazerungarischestheater.com\/wp-content\/uploads\/2026\/04\/20260418_121327.jpg 1920w\" sizes=\"auto, (max-width: 1024px) 100vw, 1024px\" \/><\/figure>\n\n\n\n<p>Anna 32 \u00e9ves, munkan\u00e9lk\u00fcli. Parttalanul sodr\u00f3dik az \u00e1lmai \u00e9s a lehet\u0151s\u00e9gek k\u00f6z\u00f6tt. Az id\u0151 el\u0151rehaladt\u00e1val egyre ink\u00e1bb nyilv\u00e1nval\u00f3v\u00e1 v\u00e1lik sz\u00e1m\u00e1ra, hogy elt\u00e9kozolta az \u00e9let\u00e9t, \u00e9s nem boldog. Viktor, akivel egy\u00fctt \u00e9l, nem t\u00e1mogatja \u0151t, legal\u00e1bbis nem \u00fagy, ahogy Anna szeretn\u00e9. Pontosan nem is tudja megfogalmazni, mit szeretne, de azt \u00e9rzi, hogy most zs\u00e1kutc\u00e1ba jutott, ahonnan nem l\u00e1t kiutat. A kapcsolatukat csendes, de folyamatos el\u00e9gedetlens\u00e9g sz\u00f6vi \u00e1t, amelyben kimondott \u00e9s ki nem mondott \u00e9rz\u00e9sek fesz\u00fclnek. Mindketten a mindentud\u00f3, t\u00e1mogat\u00f3 ChatGPT-be kapaszkodnak, az AI-t\u00f3l v\u00e1rva megold\u00e1st \u00e9s v\u00e1laszokat a hogyan tov\u00e1bbra.<\/p>\n\n\n\n<figure class=\"wp-block-image size-large\"><img loading=\"lazy\" decoding=\"async\" width=\"1024\" height=\"576\" src=\"https:\/\/grazerungarischestheater.com\/wp-content\/uploads\/2026\/04\/20260418_1213275-1024x576.jpg\" alt=\"\" class=\"wp-image-1687\" srcset=\"https:\/\/grazerungarischestheater.com\/wp-content\/uploads\/2026\/04\/20260418_1213275-1024x576.jpg 1024w, https:\/\/grazerungarischestheater.com\/wp-content\/uploads\/2026\/04\/20260418_1213275-300x169.jpg 300w, https:\/\/grazerungarischestheater.com\/wp-content\/uploads\/2026\/04\/20260418_1213275-768x432.jpg 768w, https:\/\/grazerungarischestheater.com\/wp-content\/uploads\/2026\/04\/20260418_1213275-1536x864.jpg 1536w, https:\/\/grazerungarischestheater.com\/wp-content\/uploads\/2026\/04\/20260418_1213275-600x338.jpg 600w, https:\/\/grazerungarischestheater.com\/wp-content\/uploads\/2026\/04\/20260418_1213275.jpg 1920w\" sizes=\"auto, (max-width: 1024px) 100vw, 1024px\" \/><\/figure>\n\n\n\n<figure class=\"wp-block-image size-large\"><img loading=\"lazy\" decoding=\"async\" width=\"1024\" height=\"576\" src=\"https:\/\/grazerungarischestheater.com\/wp-content\/uploads\/2026\/04\/20260418_1213279-1024x576.jpg\" alt=\"\" class=\"wp-image-1689\" srcset=\"https:\/\/grazerungarischestheater.com\/wp-content\/uploads\/2026\/04\/20260418_1213279-1024x576.jpg 1024w, https:\/\/grazerungarischestheater.com\/wp-content\/uploads\/2026\/04\/20260418_1213279-300x169.jpg 300w, https:\/\/grazerungarischestheater.com\/wp-content\/uploads\/2026\/04\/20260418_1213279-768x432.jpg 768w, https:\/\/grazerungarischestheater.com\/wp-content\/uploads\/2026\/04\/20260418_1213279-1536x864.jpg 1536w, https:\/\/grazerungarischestheater.com\/wp-content\/uploads\/2026\/04\/20260418_1213279-600x338.jpg 600w, https:\/\/grazerungarischestheater.com\/wp-content\/uploads\/2026\/04\/20260418_1213279.jpg 1920w\" sizes=\"auto, (max-width: 1024px) 100vw, 1024px\" \/><\/figure>\n\n\n\n<figure class=\"wp-block-image size-large\"><img loading=\"lazy\" decoding=\"async\" width=\"1024\" height=\"577\" src=\"https:\/\/grazerungarischestheater.com\/wp-content\/uploads\/2026\/04\/20260418_110658-1024x577.jpg\" alt=\"\" class=\"wp-image-1684\" srcset=\"https:\/\/grazerungarischestheater.com\/wp-content\/uploads\/2026\/04\/20260418_110658-1024x577.jpg 1024w, https:\/\/grazerungarischestheater.com\/wp-content\/uploads\/2026\/04\/20260418_110658-300x169.jpg 300w, https:\/\/grazerungarischestheater.com\/wp-content\/uploads\/2026\/04\/20260418_110658-768x432.jpg 768w, https:\/\/grazerungarischestheater.com\/wp-content\/uploads\/2026\/04\/20260418_110658-1536x865.jpg 1536w, https:\/\/grazerungarischestheater.com\/wp-content\/uploads\/2026\/04\/20260418_110658-2048x1153.jpg 2048w, https:\/\/grazerungarischestheater.com\/wp-content\/uploads\/2026\/04\/20260418_110658-600x338.jpg 600w\" sizes=\"auto, (max-width: 1024px) 100vw, 1024px\" \/><\/figure>\n\n\n\n<figure class=\"wp-block-image size-large\"><img loading=\"lazy\" decoding=\"async\" width=\"1024\" height=\"577\" src=\"https:\/\/grazerungarischestheater.com\/wp-content\/uploads\/2026\/04\/20260418_111459-1024x577.jpg\" alt=\"\" class=\"wp-image-1683\" srcset=\"https:\/\/grazerungarischestheater.com\/wp-content\/uploads\/2026\/04\/20260418_111459-1024x577.jpg 1024w, https:\/\/grazerungarischestheater.com\/wp-content\/uploads\/2026\/04\/20260418_111459-300x169.jpg 300w, https:\/\/grazerungarischestheater.com\/wp-content\/uploads\/2026\/04\/20260418_111459-768x432.jpg 768w, https:\/\/grazerungarischestheater.com\/wp-content\/uploads\/2026\/04\/20260418_111459-1536x865.jpg 1536w, https:\/\/grazerungarischestheater.com\/wp-content\/uploads\/2026\/04\/20260418_111459-2048x1153.jpg 2048w, https:\/\/grazerungarischestheater.com\/wp-content\/uploads\/2026\/04\/20260418_111459-600x338.jpg 600w\" sizes=\"auto, (max-width: 1024px) 100vw, 1024px\" \/><\/figure>\n\n\n\n<figure class=\"wp-block-image size-large\"><img loading=\"lazy\" decoding=\"async\" width=\"1024\" height=\"576\" src=\"https:\/\/grazerungarischestheater.com\/wp-content\/uploads\/2026\/04\/20260418_1213274-1024x576.jpg\" alt=\"\" class=\"wp-image-1686\" srcset=\"https:\/\/grazerungarischestheater.com\/wp-content\/uploads\/2026\/04\/20260418_1213274-1024x576.jpg 1024w, https:\/\/grazerungarischestheater.com\/wp-content\/uploads\/2026\/04\/20260418_1213274-300x169.jpg 300w, https:\/\/grazerungarischestheater.com\/wp-content\/uploads\/2026\/04\/20260418_1213274-768x432.jpg 768w, https:\/\/grazerungarischestheater.com\/wp-content\/uploads\/2026\/04\/20260418_1213274-1536x864.jpg 1536w, https:\/\/grazerungarischestheater.com\/wp-content\/uploads\/2026\/04\/20260418_1213274-600x338.jpg 600w, https:\/\/grazerungarischestheater.com\/wp-content\/uploads\/2026\/04\/20260418_1213274.jpg 1920w\" sizes=\"auto, (max-width: 1024px) 100vw, 1024px\" \/><\/figure>\n\n\n\n<figure class=\"wp-block-image size-large\"><img loading=\"lazy\" decoding=\"async\" width=\"1024\" height=\"576\" src=\"https:\/\/grazerungarischestheater.com\/wp-content\/uploads\/2026\/04\/20260418_12132712-1024x576.jpg\" alt=\"\" class=\"wp-image-1688\" srcset=\"https:\/\/grazerungarischestheater.com\/wp-content\/uploads\/2026\/04\/20260418_12132712-1024x576.jpg 1024w, https:\/\/grazerungarischestheater.com\/wp-content\/uploads\/2026\/04\/20260418_12132712-300x169.jpg 300w, https:\/\/grazerungarischestheater.com\/wp-content\/uploads\/2026\/04\/20260418_12132712-768x432.jpg 768w, https:\/\/grazerungarischestheater.com\/wp-content\/uploads\/2026\/04\/20260418_12132712-1536x864.jpg 1536w, https:\/\/grazerungarischestheater.com\/wp-content\/uploads\/2026\/04\/20260418_12132712-600x338.jpg 600w, https:\/\/grazerungarischestheater.com\/wp-content\/uploads\/2026\/04\/20260418_12132712.jpg 1920w\" sizes=\"auto, (max-width: 1024px) 100vw, 1024px\" \/><\/figure>\n\n\n\n<p>ANNA &#8211; Hana Gregor<br>VIKTOR &#8211; Viktor Varga<br>ChatGPT \u2013 live AI interaction<\/p>\n\n\n\n<p>Non-deterministic theater GUTstage experimental format \u2013 AI in live theatrical interaction<br>Concept and direction: \u00a9 Do Pick<\/p>\n\n\n\n<p>The production applies a previously unused experimental form of real-time stage presence of artificial intelligence. The format was developed within the GUTstage workshop of the Grazer Ungarisches Theater. The production applies a previously unused experimental form of real-time AI presence in theatrical interaction.<br>\u00a9 Grazer Ungarisches Theater \u2013 All rights reserved.<\/p>\n\n\n\n<p>Premiere: Grazer Ungarisches Theater, April 18, 2026<\/p>\n\n\n\n<p><\/p>\n","protected":false},"excerpt":{"rendered":"<p>Tov\u00e1bbra is az a k\u00e9rd\u00e9s, h\u00e1nyan vagyunk egy k\u00e9tszem\u00e9lyes kapcsolatban, amikor az AI \u00e1lland\u00f3an jelen van akt\u00edv szerepl\u0151k\u00e9nt az \u00e9let\u00fcnkben.<\/p>\n","protected":false},"author":1,"featured_media":1670,"comment_status":"closed","ping_status":"closed","sticky":false,"template":"","format":"standard","meta":{"_seopress_robots_primary_cat":"none","_seopress_titles_title":"","_seopress_titles_desc":"","_seopress_robots_index":"","_jetpack_memberships_contains_paid_content":false,"footnotes":""},"categories":[1],"tags":[],"class_list":["post-1666","post","type-post","status-publish","format-standard","has-post-thumbnail","hentry","category-uncategorized"],"jetpack_featured_media_url":"https:\/\/grazerungarischestheater.com\/wp-content\/uploads\/2026\/04\/Do-Pick-NEM-EN-VAGYOK-NEM-TE-VAGY-non-deterministic-theatre-scaled.jpg","jetpack_sharing_enabled":true,"_links":{"self":[{"href":"https:\/\/grazerungarischestheater.com\/index.php\/wp-json\/wp\/v2\/posts\/1666","targetHints":{"allow":["GET"]}}],"collection":[{"href":"https:\/\/grazerungarischestheater.com\/index.php\/wp-json\/wp\/v2\/posts"}],"about":[{"href":"https:\/\/grazerungarischestheater.com\/index.php\/wp-json\/wp\/v2\/types\/post"}],"author":[{"embeddable":true,"href":"https:\/\/grazerungarischestheater.com\/index.php\/wp-json\/wp\/v2\/users\/1"}],"replies":[{"embeddable":true,"href":"https:\/\/grazerungarischestheater.com\/index.php\/wp-json\/wp\/v2\/comments?post=1666"}],"version-history":[{"count":7,"href":"https:\/\/grazerungarischestheater.com\/index.php\/wp-json\/wp\/v2\/posts\/1666\/revisions"}],"predecessor-version":[{"id":1693,"href":"https:\/\/grazerungarischestheater.com\/index.php\/wp-json\/wp\/v2\/posts\/1666\/revisions\/1693"}],"wp:featuredmedia":[{"embeddable":true,"href":"https:\/\/grazerungarischestheater.com\/index.php\/wp-json\/wp\/v2\/media\/1670"}],"wp:attachment":[{"href":"https:\/\/grazerungarischestheater.com\/index.php\/wp-json\/wp\/v2\/media?parent=1666"}],"wp:term":[{"taxonomy":"category","embeddable":true,"href":"https:\/\/grazerungarischestheater.com\/index.php\/wp-json\/wp\/v2\/categories?post=1666"},{"taxonomy":"post_tag","embeddable":true,"href":"https:\/\/grazerungarischestheater.com\/index.php\/wp-json\/wp\/v2\/tags?post=1666"}],"curies":[{"name":"wp","href":"https:\/\/api.w.org\/{rel}","templated":true}]}}