{"id":612,"date":"2025-03-10T13:33:25","date_gmt":"2025-03-10T13:33:25","guid":{"rendered":"https:\/\/grazerungarischestheater.com\/?p=612"},"modified":"2026-03-16T20:21:50","modified_gmt":"2026-03-16T20:21:50","slug":"expedicio","status":"publish","type":"post","link":"https:\/\/grazerungarischestheater.com\/index.php\/2025\/03\/10\/expedicio\/","title":{"rendered":"EXPED\u00cdCI\u00d3"},"content":{"rendered":"\n<p>KOML\u00d3DI JUDIT ki\u00e1ll\u00edt\u00e1sa a GUT gallery-ben<\/p>\n\n\n\n<!--more-->\n\n\n\n<p>Az utaz\u00f3 ember figur\u00e1ja nem egy klasszikus turista, hanem sokkal ink\u00e1bb a saj\u00e1t fejl\u0151d\u00e9s\u00e9nek, korl\u00e1tainak, er\u0151ss\u00e9geinek \u00e9s gyenges\u00e9geinek \u00fatj\u00e1t j\u00e1r\u00f3 alak, akinek a karaktere sokszor utal megjelen\u00e9s\u00e9ben egy \u0171rutaz\u00f3 ausztronaut\u00e1ra, ami a v\u00e9gtelens\u00e9get \u00e9s folytonoss\u00e1got jelk\u00e9pezi.<\/p>\n\n\n\n<figure class=\"wp-block-image size-large\"><img loading=\"lazy\" decoding=\"async\" width=\"1014\" height=\"1024\" src=\"https:\/\/grazerungarischestheater.com\/wp-content\/uploads\/2025\/03\/merules-1014x1024.jpg\" alt=\"\" class=\"wp-image-618\" srcset=\"https:\/\/grazerungarischestheater.com\/wp-content\/uploads\/2025\/03\/merules-1014x1024.jpg 1014w, https:\/\/grazerungarischestheater.com\/wp-content\/uploads\/2025\/03\/merules-297x300.jpg 297w, https:\/\/grazerungarischestheater.com\/wp-content\/uploads\/2025\/03\/merules-150x150.jpg 150w, https:\/\/grazerungarischestheater.com\/wp-content\/uploads\/2025\/03\/merules-768x776.jpg 768w, https:\/\/grazerungarischestheater.com\/wp-content\/uploads\/2025\/03\/merules-600x606.jpg 600w, https:\/\/grazerungarischestheater.com\/wp-content\/uploads\/2025\/03\/merules-100x100.jpg 100w, https:\/\/grazerungarischestheater.com\/wp-content\/uploads\/2025\/03\/merules.jpg 1080w\" sizes=\"auto, (max-width: 1014px) 100vw, 1014px\" \/><\/figure>\n\n\n\n<p>Az EXPED\u00cdCI\u00d3 c\u00edm\u0171 ki\u00e1ll\u00edt\u00e1s anyag\u00e1t, az elm\u00falt \u00e9vben k\u00e9sz\u00fclt sorozataim alkotj\u00e1k &#8211; mondja Koml\u00f3di Judit &#8211; ahol a m\u0171gyanta r\u00e9tegekben val\u00f3 \u00f6nt\u00e9s\u00e9vel \u00e9s a plexi vegyt\u00e9s\u00e9vel foglalkoztam, valamint a transzparencia k\u00e9rd\u00e9s\u00e9t vizsg\u00e1ltam. Az elm\u00falt \u00e9vekben m\u00e1r t\u00f6bbsz\u00f6r dolgoztam m\u0171gyant\u00e1val, kis\u00e9rleteim eredm\u00e9nyek\u00e9nt siker\u00fclt kidolgoznom egy j\u00f3l haszn\u00e1lhat\u00f3 technik\u00e1t, ahol az egyes k\u00e9pi kompoz\u00edci\u00f3s elemeket m\u00e1s-m\u00e1s r\u00e9tegekre rakom az \u00f6nt\u00e9s sor\u00e1n, \u00edgy a k\u00f6t\u00e9si id\u0151 vari\u00e1l\u00e1s\u00e1val ker\u00fclnek egym\u00e1s f\u00f6l\u00e9, vagy al\u00e1, \u00e9rdekes fel\u00fcleteket alkotva. Az egyes r\u00e9tegeket alkot\u00f3i fel\u00fcletk\u00e9nt \u00e9rtelmezem, ahol a festett, grafikai elemek mellett transzfer\u00e1lt r\u00e9szleteket \u00e9s plasztikus t\u00e1rgyakar is alkalmazok mont\u00e1zsk\u00e9nt. A r\u00e9tegek vari\u00e1l\u00e1s\u00e1val szeretn\u00e9m \u00e9rz\u00e9keltetni a kollekt\u00edv eml\u00e9knyomok v\u00e1ltoz\u00f3 feler\u0151s\u00f6d\u00e9s\u00e9t.<\/p>\n\n\n\n<figure class=\"wp-block-image size-large\"><img loading=\"lazy\" decoding=\"async\" width=\"1019\" height=\"1024\" src=\"https:\/\/grazerungarischestheater.com\/wp-content\/uploads\/2025\/03\/4peremvidek1-1019x1024.jpeg\" alt=\"\" class=\"wp-image-619\" srcset=\"https:\/\/grazerungarischestheater.com\/wp-content\/uploads\/2025\/03\/4peremvidek1-1019x1024.jpeg 1019w, https:\/\/grazerungarischestheater.com\/wp-content\/uploads\/2025\/03\/4peremvidek1-300x300.jpeg 300w, https:\/\/grazerungarischestheater.com\/wp-content\/uploads\/2025\/03\/4peremvidek1-150x150.jpeg 150w, https:\/\/grazerungarischestheater.com\/wp-content\/uploads\/2025\/03\/4peremvidek1-768x771.jpeg 768w, https:\/\/grazerungarischestheater.com\/wp-content\/uploads\/2025\/03\/4peremvidek1-1529x1536.jpeg 1529w, https:\/\/grazerungarischestheater.com\/wp-content\/uploads\/2025\/03\/4peremvidek1-2039x2048.jpeg 2039w, https:\/\/grazerungarischestheater.com\/wp-content\/uploads\/2025\/03\/4peremvidek1-1320x1326.jpeg 1320w, https:\/\/grazerungarischestheater.com\/wp-content\/uploads\/2025\/03\/4peremvidek1-600x603.jpeg 600w, https:\/\/grazerungarischestheater.com\/wp-content\/uploads\/2025\/03\/4peremvidek1-100x100.jpeg 100w\" sizes=\"auto, (max-width: 1019px) 100vw, 1019px\" \/><\/figure>\n\n\n\n<p>A ki\u00e1ll\u00edt\u00e1s f\u0151 szerepl\u0151je az utaz\u00f3 ember figur\u00e1ja, akinek a helyzete stabil, de az \u0151t k\u00f6r\u00fclvev\u0151 anyag folyamatosan v\u00e1ltozik. A v\u00e1ltoz\u00f3 anyagot a kidobott, elavult, korrod\u00e1l\u00f3dott g\u00e9pi alkatr\u00e9szek, elektronikai hullad\u00e9kok, sz\u00e1m\u00edt\u00f3g\u00e9pes alaplapok, mem\u0151riak\u00e1rty\u00e1k bels\u0151 chipjei, term\u00e9szeti form\u00e1kra utal\u00f3 absztrakt form\u00e1k, jelek, lenyomatok, transzfer\u00e1lt sz\u00f6vegek, mint\u00e1k \u00e9s mit\u00e1zatok alkotj\u00e1k.<\/p>\n\n\n\n<figure class=\"wp-block-image size-large\"><img loading=\"lazy\" decoding=\"async\" width=\"1014\" height=\"1024\" src=\"https:\/\/grazerungarischestheater.com\/wp-content\/uploads\/2025\/03\/5peremvidek2-1014x1024.jpeg\" alt=\"\" class=\"wp-image-620\" srcset=\"https:\/\/grazerungarischestheater.com\/wp-content\/uploads\/2025\/03\/5peremvidek2-1014x1024.jpeg 1014w, https:\/\/grazerungarischestheater.com\/wp-content\/uploads\/2025\/03\/5peremvidek2-297x300.jpeg 297w, https:\/\/grazerungarischestheater.com\/wp-content\/uploads\/2025\/03\/5peremvidek2-150x150.jpeg 150w, https:\/\/grazerungarischestheater.com\/wp-content\/uploads\/2025\/03\/5peremvidek2-768x776.jpeg 768w, https:\/\/grazerungarischestheater.com\/wp-content\/uploads\/2025\/03\/5peremvidek2-1520x1536.jpeg 1520w, https:\/\/grazerungarischestheater.com\/wp-content\/uploads\/2025\/03\/5peremvidek2-2027x2048.jpeg 2027w, https:\/\/grazerungarischestheater.com\/wp-content\/uploads\/2025\/03\/5peremvidek2-1320x1334.jpeg 1320w, https:\/\/grazerungarischestheater.com\/wp-content\/uploads\/2025\/03\/5peremvidek2-600x606.jpeg 600w, https:\/\/grazerungarischestheater.com\/wp-content\/uploads\/2025\/03\/5peremvidek2-100x100.jpeg 100w\" sizes=\"auto, (max-width: 1014px) 100vw, 1014px\" \/><\/figure>\n\n\n\n<p>Visszat\u00e9r\u0151 elemek az alkot\u00e1sokban a robotika, a mechanikus szerkezetek konstrukt\u00edv vil\u00e1ga, amelyek ellentmond\u00e1sos jelenl\u00e9te folyamatosan befoly\u00e1solja az \u00e9let\u00fcnket, hat\u00e1ssal van a gener\u00e1ci\u00f3k k\u00f6z\u00f6tti k\u00fcl\u00f6nbs\u00e9gekre, egyfajta kollekt\u00edv mem\u0151riahozdoz\u00f3k.<\/p>\n\n\n\n<figure class=\"wp-block-image size-large\"><img loading=\"lazy\" decoding=\"async\" width=\"1008\" height=\"1024\" src=\"https:\/\/grazerungarischestheater.com\/wp-content\/uploads\/2025\/03\/6peremvidek3-1008x1024.jpeg\" alt=\"\" class=\"wp-image-621\" srcset=\"https:\/\/grazerungarischestheater.com\/wp-content\/uploads\/2025\/03\/6peremvidek3-1008x1024.jpeg 1008w, https:\/\/grazerungarischestheater.com\/wp-content\/uploads\/2025\/03\/6peremvidek3-295x300.jpeg 295w, https:\/\/grazerungarischestheater.com\/wp-content\/uploads\/2025\/03\/6peremvidek3-768x780.jpeg 768w, https:\/\/grazerungarischestheater.com\/wp-content\/uploads\/2025\/03\/6peremvidek3-1513x1536.jpeg 1513w, https:\/\/grazerungarischestheater.com\/wp-content\/uploads\/2025\/03\/6peremvidek3-2017x2048.jpeg 2017w, https:\/\/grazerungarischestheater.com\/wp-content\/uploads\/2025\/03\/6peremvidek3-1320x1340.jpeg 1320w, https:\/\/grazerungarischestheater.com\/wp-content\/uploads\/2025\/03\/6peremvidek3-600x609.jpeg 600w\" sizes=\"auto, (max-width: 1008px) 100vw, 1008px\" \/><\/figure>\n\n\n\n<p>A gyors fejl\u0151d\u00e9s \u00e9s fejleszt\u00e9sek k\u00f6vetkezm\u00e9nyek\u00e9nt percenk\u00e9nt ker\u00fcl t\u00f6bb tonna szem\u00e9t a k\u00f6rnyezet\u00fcnkbe, rengeteg eszk\u00f6z v\u00e1lik f\u00f6l\u00f6slegess\u00e9. Ilyen elektronikai hullad\u00e9kok rendszeresen visszak\u00f6sz\u00f6nnek Koml\u00f3di Judit munk\u00e1iban, egyfajta keser\u0171 mement\u00f3k\u00e9nt, a gyorsul\u00e1s k\u00f6zbeni hanyatl\u00e1s szimb\u00f3lumaik\u00e9nt.<\/p>\n\n\n\n<figure class=\"wp-block-image size-large\"><img loading=\"lazy\" decoding=\"async\" width=\"1024\" height=\"1003\" src=\"https:\/\/grazerungarischestheater.com\/wp-content\/uploads\/2025\/03\/3hanghullam-1024x1003.jpeg\" alt=\"\" class=\"wp-image-622\" srcset=\"https:\/\/grazerungarischestheater.com\/wp-content\/uploads\/2025\/03\/3hanghullam-1024x1003.jpeg 1024w, https:\/\/grazerungarischestheater.com\/wp-content\/uploads\/2025\/03\/3hanghullam-300x294.jpeg 300w, https:\/\/grazerungarischestheater.com\/wp-content\/uploads\/2025\/03\/3hanghullam-768x752.jpeg 768w, https:\/\/grazerungarischestheater.com\/wp-content\/uploads\/2025\/03\/3hanghullam-1536x1505.jpeg 1536w, https:\/\/grazerungarischestheater.com\/wp-content\/uploads\/2025\/03\/3hanghullam-2048x2007.jpeg 2048w, https:\/\/grazerungarischestheater.com\/wp-content\/uploads\/2025\/03\/3hanghullam-1320x1293.jpeg 1320w, https:\/\/grazerungarischestheater.com\/wp-content\/uploads\/2025\/03\/3hanghullam-600x588.jpeg 600w\" sizes=\"auto, (max-width: 1024px) 100vw, 1024px\" \/><\/figure>\n\n\n\n<p>Az EXPED\u00cdCI\u00d3 c\u00edm\u0171 sorozat\u00e1ban a mem\u00f3ri\u00e1b\u00f3l, eml\u00e9kezetb\u0151l permanensen felvillan\u00f3 eml\u00e9kk\u00e9pek  egym\u00e1sra vet\u00fcl\u00e9se egyfajta kivet\u00fcl\u00e9se a kollekt\u00edv tudattalannak. A k\u00e9pek a maguk mozdulatlans\u00e1g\u00e1ban is kiker\u00fclhetetlen mozgat\u00f3 er\u0151vel b\u00edrnak.<\/p>\n\n\n\n<p>Ez egy exped\u00edci\u00f3. Utazunk, felfedez\u00fcnk testben l\u00e9lekben. Kutatjuk az \u00e9rtelmet a felfoghatatlanban. Keress\u00fck a magyar\u00e1zatokat, \u00f6nmagunkat a vil\u00e1gban f\u00f6ldi \u00e9s univerz\u00e1lis szinten egyar\u00e1nt. A v\u00e1ltoz\u00f3 t\u00e9rben \u00e9s v\u00e1ltoz\u00f3 korokban az ember \u00e1lland\u00f3 t\u00e9nyk\u00e9nt tekint \u00f6nmag\u00e1ra, az \u00f6r\u00f6kl\u00e9t hit\u00e9vel rendezi \u00e1t a dolgokat, felrugva minden j\u00e1t\u00e9kszab\u00e1lyt, felrugva a rendet amihez nem lehet nem alkalmazkodnia, m\u00e9gis megteszik. JUDIT KOMLODI filoz\u00f3fikus alkot\u00f3. B\u00e1rmihez ny\u00fal, ak\u00e1r fest, ak\u00e1r jelmezeket tervez, b\u00e1bokat k\u00e9sz\u00edt, vagy \u00e9pp install\u00e1ci\u00f3kat hoz l\u00e9tre keresi, kutatja a jelens\u00e9gek mi\u00e9rtj\u00e9t. Minden munk\u00e1j\u00e1t ez az \u00e9rteni akar\u00e1s sz\u00f6vi \u00e1t, az agg\u00f3d\u00e1s az \u00e9l\u0151vil\u00e1g\u00e9rt, a sz\u00e9ps\u00e9g \u00e9s a harm\u00f3nia elt\u0171n\u00e9s\u00e9\u00e9rt. Nem h\u00e9tk\u00f6znapi m\u0171v\u00e9sz. Nem h\u00e9tk\u00f6znapi a l\u00e1tv\u00e1nyvi\u00e1lg sem, amit el\u00e9nk t\u00e1r. Az els\u0151re j\u00e1t\u00e9kosnak, sz\u00ednesnek t\u0171n\u0151 vil\u00e1g, m\u00e9ly csendeket rejt, fojtott \u00e9rzelmeket, fesz\u00fclts\u00e9ggel telt \u00f6sszef\u00e9rhetetlens\u00e9get. A g\u00e9p\/ember \u00f6sszefon\u00f3d\u00e1s, egym\u00e1sra \u00e9s egym\u00e1sba \u00e9p\u00fcl\u00e9s lehetetlenn\u00e9 teszi a l\u00e9lek szabads\u00e1g\u00e1t, \u00e9s egyre t\u00f6bb hat\u00e1rt szab az embernek, aki pedig szabads\u00e1got rem\u00e9l ett\u0151l a f\u00fazi\u00f3t\u00f3l. De szabads\u00e1g helyett bez\u00e1r\u00f3dunk, egym\u00e1sra torl\u00f3dnak az egyre jobban felhalmoz\u00f3d\u00f3, fel nem dolgozott, inform\u00e1ci\u00f3k, s a b\u0151s\u00e9g zavara mellett elompul az elme, ami \u00e9szrevehetn\u00e9 a ki\u00fcresed\u00e9st. Mag\u00e1nyosan lebeg\u00fcnk egy furcsa t\u00e9rben, ami megszokott, \u00e9s nem n\u00e9z\u00fcnk k\u00f6r\u00fcl, hogy l\u00e1ssuk, pillanatonk\u00e9nt v\u00e1ltozik ez a megszok\u00e1s.<\/p>\n","protected":false},"excerpt":{"rendered":"<p>KOML\u00d3DI JUDIT ki\u00e1ll\u00edt\u00e1sa a GUT gallery-ben<\/p>\n","protected":false},"author":1,"featured_media":617,"comment_status":"closed","ping_status":"closed","sticky":false,"template":"","format":"standard","meta":{"_seopress_robots_primary_cat":"none","_seopress_titles_title":"","_seopress_titles_desc":"","_seopress_robots_index":"","_jetpack_memberships_contains_paid_content":false,"footnotes":""},"categories":[1],"tags":[],"class_list":["post-612","post","type-post","status-publish","format-standard","has-post-thumbnail","hentry","category-uncategorized"],"jetpack_featured_media_url":"https:\/\/grazerungarischestheater.com\/wp-content\/uploads\/2025\/03\/GUT-gallery-Komlodi-Judit-plakat.jpg","jetpack_sharing_enabled":true,"_links":{"self":[{"href":"https:\/\/grazerungarischestheater.com\/index.php\/wp-json\/wp\/v2\/posts\/612","targetHints":{"allow":["GET"]}}],"collection":[{"href":"https:\/\/grazerungarischestheater.com\/index.php\/wp-json\/wp\/v2\/posts"}],"about":[{"href":"https:\/\/grazerungarischestheater.com\/index.php\/wp-json\/wp\/v2\/types\/post"}],"author":[{"embeddable":true,"href":"https:\/\/grazerungarischestheater.com\/index.php\/wp-json\/wp\/v2\/users\/1"}],"replies":[{"embeddable":true,"href":"https:\/\/grazerungarischestheater.com\/index.php\/wp-json\/wp\/v2\/comments?post=612"}],"version-history":[{"count":4,"href":"https:\/\/grazerungarischestheater.com\/index.php\/wp-json\/wp\/v2\/posts\/612\/revisions"}],"predecessor-version":[{"id":1136,"href":"https:\/\/grazerungarischestheater.com\/index.php\/wp-json\/wp\/v2\/posts\/612\/revisions\/1136"}],"wp:featuredmedia":[{"embeddable":true,"href":"https:\/\/grazerungarischestheater.com\/index.php\/wp-json\/wp\/v2\/media\/617"}],"wp:attachment":[{"href":"https:\/\/grazerungarischestheater.com\/index.php\/wp-json\/wp\/v2\/media?parent=612"}],"wp:term":[{"taxonomy":"category","embeddable":true,"href":"https:\/\/grazerungarischestheater.com\/index.php\/wp-json\/wp\/v2\/categories?post=612"},{"taxonomy":"post_tag","embeddable":true,"href":"https:\/\/grazerungarischestheater.com\/index.php\/wp-json\/wp\/v2\/tags?post=612"}],"curies":[{"name":"wp","href":"https:\/\/api.w.org\/{rel}","templated":true}]}}