{"id":700,"date":"2025-03-10T13:33:24","date_gmt":"2025-03-10T13:33:24","guid":{"rendered":"https:\/\/grazerungarischestheater.com\/?p=700"},"modified":"2026-03-16T20:23:53","modified_gmt":"2026-03-16T20:23:53","slug":"expedition","status":"publish","type":"post","link":"https:\/\/grazerungarischestheater.com\/index.php\/de\/2025\/03\/10\/expedition\/","title":{"rendered":"EXPEDITION"},"content":{"rendered":"\n<p>Ausstellung von JUDIT KOML\u00d3DI in der GUT Gallery<\/p>\n\n\n\n<!--more-->\n\n\n\n<p>Die Figur des reisenden Menschen ist kein klassischer Tourist, sondern vielmehr jemand, der den Weg der eigenen Entwicklung, Grenzen, St\u00e4rken und Schw\u00e4chen geht. Seine Erscheinung erinnert oft an einen Raumfahrer \u2013 einen Astronauten \u2013, was f\u00fcr Unendlichkeit und Kontinuit\u00e4t steht.<\/p>\n\n\n\n<figure class=\"wp-block-image size-large\"><img loading=\"lazy\" decoding=\"async\" width=\"1014\" height=\"1024\" src=\"https:\/\/grazerungarischestheater.com\/wp-content\/uploads\/2025\/03\/merules-1014x1024.jpg\" alt=\"\" class=\"wp-image-618\" srcset=\"https:\/\/grazerungarischestheater.com\/wp-content\/uploads\/2025\/03\/merules-1014x1024.jpg 1014w, https:\/\/grazerungarischestheater.com\/wp-content\/uploads\/2025\/03\/merules-297x300.jpg 297w, https:\/\/grazerungarischestheater.com\/wp-content\/uploads\/2025\/03\/merules-150x150.jpg 150w, https:\/\/grazerungarischestheater.com\/wp-content\/uploads\/2025\/03\/merules-768x776.jpg 768w, https:\/\/grazerungarischestheater.com\/wp-content\/uploads\/2025\/03\/merules-600x606.jpg 600w, https:\/\/grazerungarischestheater.com\/wp-content\/uploads\/2025\/03\/merules-100x100.jpg 100w, https:\/\/grazerungarischestheater.com\/wp-content\/uploads\/2025\/03\/merules.jpg 1080w\" sizes=\"auto, (max-width: 1014px) 100vw, 1014px\" \/><\/figure>\n\n\n\n<p>Das Material der Ausstellung EXPEDITION besteht aus Werkreihen, die im vergangenen Jahr entstanden sind \u2013 sagt Judit Koml\u00f3di \u2013 bei denen ich mich mit dem Gie\u00dfen in Schichten aus Kunstharz und der Verbindung mit Plexiglas besch\u00e4ftigt habe, sowie mit der Frage der Transparenz. In den letzten Jahren habe ich bereits mehrfach mit Kunstharz gearbeitet; als Ergebnis meiner Experimente ist es mir gelungen, eine gut anwendbare Technik zu entwickeln, bei der ich die einzelnen kompositorischen Bildelemente auf unterschiedliche Schichten lege, die sich durch Variation der Aush\u00e4rtungszeiten \u00fcber- oder untereinander anordnen und interessante Oberfl\u00e4chen bilden. Ich verstehe die einzelnen Schichten als eigenst\u00e4ndige gestalterische Ebenen, auf denen ich neben gemalten und grafischen Elementen auch \u00fcbertragene Details und plastische Objekte als Collage einsetze. Durch die Variation der Schichten m\u00f6chte ich die sich wandelnde Verst\u00e4rkung kollektiver Erinnerungsspuren sichtbar machen.<\/p>\n\n\n\n<figure class=\"wp-block-image size-large\"><img loading=\"lazy\" decoding=\"async\" width=\"1019\" height=\"1024\" src=\"https:\/\/grazerungarischestheater.com\/wp-content\/uploads\/2025\/03\/4peremvidek1-1019x1024.jpeg\" alt=\"\" class=\"wp-image-619\" srcset=\"https:\/\/grazerungarischestheater.com\/wp-content\/uploads\/2025\/03\/4peremvidek1-1019x1024.jpeg 1019w, https:\/\/grazerungarischestheater.com\/wp-content\/uploads\/2025\/03\/4peremvidek1-300x300.jpeg 300w, https:\/\/grazerungarischestheater.com\/wp-content\/uploads\/2025\/03\/4peremvidek1-150x150.jpeg 150w, https:\/\/grazerungarischestheater.com\/wp-content\/uploads\/2025\/03\/4peremvidek1-768x771.jpeg 768w, https:\/\/grazerungarischestheater.com\/wp-content\/uploads\/2025\/03\/4peremvidek1-1529x1536.jpeg 1529w, https:\/\/grazerungarischestheater.com\/wp-content\/uploads\/2025\/03\/4peremvidek1-2039x2048.jpeg 2039w, https:\/\/grazerungarischestheater.com\/wp-content\/uploads\/2025\/03\/4peremvidek1-1320x1326.jpeg 1320w, https:\/\/grazerungarischestheater.com\/wp-content\/uploads\/2025\/03\/4peremvidek1-600x603.jpeg 600w, https:\/\/grazerungarischestheater.com\/wp-content\/uploads\/2025\/03\/4peremvidek1-100x100.jpeg 100w\" sizes=\"auto, (max-width: 1019px) 100vw, 1019px\" \/><\/figure>\n\n\n\n<p>Die Hauptfigur der Ausstellung ist der reisende Mensch, dessen Position stabil ist, w\u00e4hrend sich das ihn umgebende Material st\u00e4ndig ver\u00e4ndert. Dieses ver\u00e4nderliche Material besteht aus weggeworfenen, veralteten, korrodierten Maschinenteilen, Elektroschrott, Computer-Motherboards, inneren Chips von Speicherkarten, abstrakten Formen, Zeichen, Abdr\u00fccken, transferierten Texten, Mustern und Motiven, die auf nat\u00fcrliche Strukturen anspielen.<\/p>\n\n\n\n<figure class=\"wp-block-image size-large\"><img loading=\"lazy\" decoding=\"async\" width=\"1014\" height=\"1024\" src=\"https:\/\/grazerungarischestheater.com\/wp-content\/uploads\/2025\/03\/5peremvidek2-1014x1024.jpeg\" alt=\"\" class=\"wp-image-620\" srcset=\"https:\/\/grazerungarischestheater.com\/wp-content\/uploads\/2025\/03\/5peremvidek2-1014x1024.jpeg 1014w, https:\/\/grazerungarischestheater.com\/wp-content\/uploads\/2025\/03\/5peremvidek2-297x300.jpeg 297w, https:\/\/grazerungarischestheater.com\/wp-content\/uploads\/2025\/03\/5peremvidek2-150x150.jpeg 150w, https:\/\/grazerungarischestheater.com\/wp-content\/uploads\/2025\/03\/5peremvidek2-768x776.jpeg 768w, https:\/\/grazerungarischestheater.com\/wp-content\/uploads\/2025\/03\/5peremvidek2-1520x1536.jpeg 1520w, https:\/\/grazerungarischestheater.com\/wp-content\/uploads\/2025\/03\/5peremvidek2-2027x2048.jpeg 2027w, https:\/\/grazerungarischestheater.com\/wp-content\/uploads\/2025\/03\/5peremvidek2-1320x1334.jpeg 1320w, https:\/\/grazerungarischestheater.com\/wp-content\/uploads\/2025\/03\/5peremvidek2-600x606.jpeg 600w, https:\/\/grazerungarischestheater.com\/wp-content\/uploads\/2025\/03\/5peremvidek2-100x100.jpeg 100w\" sizes=\"auto, (max-width: 1014px) 100vw, 1014px\" \/><\/figure>\n\n\n\n<p>Wiederkehrende Elemente in den Arbeiten sind die Robotik und die konstruktive Welt mechanischer Strukturen, deren widerspr\u00fcchliche Pr\u00e4senz unser Leben st\u00e4ndig beeinflusst und Auswirkungen auf die Unterschiede zwischen den Generationen hat \u2013 als eine Art kollektive Erinnerungstr\u00e4ger.<\/p>\n\n\n\n<figure class=\"wp-block-image size-large\"><img loading=\"lazy\" decoding=\"async\" width=\"1008\" height=\"1024\" src=\"https:\/\/grazerungarischestheater.com\/wp-content\/uploads\/2025\/03\/6peremvidek3-1008x1024.jpeg\" alt=\"\" class=\"wp-image-621\" srcset=\"https:\/\/grazerungarischestheater.com\/wp-content\/uploads\/2025\/03\/6peremvidek3-1008x1024.jpeg 1008w, https:\/\/grazerungarischestheater.com\/wp-content\/uploads\/2025\/03\/6peremvidek3-295x300.jpeg 295w, https:\/\/grazerungarischestheater.com\/wp-content\/uploads\/2025\/03\/6peremvidek3-768x780.jpeg 768w, https:\/\/grazerungarischestheater.com\/wp-content\/uploads\/2025\/03\/6peremvidek3-1513x1536.jpeg 1513w, https:\/\/grazerungarischestheater.com\/wp-content\/uploads\/2025\/03\/6peremvidek3-2017x2048.jpeg 2017w, https:\/\/grazerungarischestheater.com\/wp-content\/uploads\/2025\/03\/6peremvidek3-1320x1340.jpeg 1320w, https:\/\/grazerungarischestheater.com\/wp-content\/uploads\/2025\/03\/6peremvidek3-600x609.jpeg 600w\" sizes=\"auto, (max-width: 1008px) 100vw, 1008px\" \/><\/figure>\n\n\n\n<p>Als Folge des rasanten technologischen Fortschritts gelangen min\u00fctlich mehrere Tonnen M\u00fcll in unsere Umwelt, unz\u00e4hlige Ger\u00e4te werden \u00fcberfl\u00fcssig. Solcher Elektroschrott taucht regelm\u00e4\u00dfig in den Arbeiten von Judit Koml\u00f3di auf \u2013 als eine Art bitteres Memento, als Sinnbild des Verfalls auf vielen Ebenen im Zeitalter der Beschleunigung.<\/p>\n\n\n\n<figure class=\"wp-block-image size-large\"><img loading=\"lazy\" decoding=\"async\" width=\"1024\" height=\"1003\" src=\"https:\/\/grazerungarischestheater.com\/wp-content\/uploads\/2025\/03\/3hanghullam-1024x1003.jpeg\" alt=\"\" class=\"wp-image-622\" srcset=\"https:\/\/grazerungarischestheater.com\/wp-content\/uploads\/2025\/03\/3hanghullam-1024x1003.jpeg 1024w, https:\/\/grazerungarischestheater.com\/wp-content\/uploads\/2025\/03\/3hanghullam-300x294.jpeg 300w, https:\/\/grazerungarischestheater.com\/wp-content\/uploads\/2025\/03\/3hanghullam-768x752.jpeg 768w, https:\/\/grazerungarischestheater.com\/wp-content\/uploads\/2025\/03\/3hanghullam-1536x1505.jpeg 1536w, https:\/\/grazerungarischestheater.com\/wp-content\/uploads\/2025\/03\/3hanghullam-2048x2007.jpeg 2048w, https:\/\/grazerungarischestheater.com\/wp-content\/uploads\/2025\/03\/3hanghullam-1320x1293.jpeg 1320w, https:\/\/grazerungarischestheater.com\/wp-content\/uploads\/2025\/03\/3hanghullam-600x588.jpeg 600w\" sizes=\"auto, (max-width: 1024px) 100vw, 1024px\" \/><\/figure>\n\n\n\n<p>In ihrer Serie mit dem Titel <strong>EXPEDITION<\/strong> stellt die \u00dcberlagerung von Erinnerungsbildern, die permanent aus dem Ged\u00e4chtnis aufblitzen, eine Art Projektion des kollektiven Unbewussten dar.<\/p>\n\n\n\n<p>Die Bilder besitzen \u2013 trotz ihrer Bewegungslosigkeit \u2013 eine unausweichliche, antreibende Kraft.<\/p>\n\n\n\n<p>Das ist eine Expedition. Wir reisen, wir entdecken \u2013 mit K\u00f6rper und Seele. Wir suchen nach Sinn im Unfassbaren. Wir suchen nach Erkl\u00e4rungen, nach uns selbst in der Welt \u2013 sowohl auf irdischer als auch auf universeller Ebene. In einem sich wandelnden Raum und in wechselnden Zeiten betrachtet der Mensch sich selbst als feste Konstante, richtet die Dinge mit dem Glauben an die Ewigkeit neu ein, bricht dabei alle Spielregeln, bricht die Ordnung, an die er sich eigentlich anpassen m\u00fcsste \u2013 und tut es doch.<\/p>\n\n\n\n<p>JUDIT KOMLODI ist eine philosophische Schaffende. Woran sie auch arbeitet \u2013 ob sie malt, Kost\u00fcme entwirft, Puppen herstellt oder Installationen schafft \u2013 sie sucht und erforscht stets das Warum der Erscheinungen. Dieses Verstehenwollen durchzieht all ihre Arbeiten, ebenso wie die Sorge um die Lebewesen, um das Verschwinden von Sch\u00f6nheit und Harmonie.<\/p>\n\n\n\n<p>Sie ist keine gew\u00f6hnliche K\u00fcnstlerin. Auch die Bildwelten, die sie uns zeigt, sind alles andere als allt\u00e4glich. Eine Welt, die auf den ersten Blick verspielt und bunt erscheint, birgt tiefe Stille, unterdr\u00fcckte Gef\u00fchle, von Spannung erf\u00fcllte Unvereinbarkeiten. Die Verflechtung von Maschine und Mensch, das Aufeinander- und Ineinander-Aufbauen, macht die Freiheit der Seele unm\u00f6glich und setzt dem Menschen immer mehr Grenzen. Statt der erhofften Freiheit durch diese Fusion finden wir uns eingeschlossen wieder. Anstatt Befreiung t\u00fcrmen sich immer mehr unverarbeitete Informationen auf, und neben der Verwirrung der F\u00fclle stumpft der Geist ab, der die innere Leere vielleicht noch wahrnehmen k\u00f6nnte.<\/p>\n\n\n\n<p>Einsam schweben wir in einem seltsamen Raum, der uns vertraut erscheint, ohne uns umzusehen, um zu erkennen, dass sich diese Gewohnheit mit jedem Augenblick ver\u00e4ndert.<\/p>\n","protected":false},"excerpt":{"rendered":"<p>Ausstellung von JUDIT KOML\u00d3DI in der GUT Gallery<\/p>\n","protected":false},"author":1,"featured_media":617,"comment_status":"closed","ping_status":"closed","sticky":false,"template":"","format":"standard","meta":{"_seopress_robots_primary_cat":"none","_seopress_titles_title":"","_seopress_titles_desc":"","_seopress_robots_index":"","_jetpack_memberships_contains_paid_content":false,"footnotes":""},"categories":[43],"tags":[],"class_list":["post-700","post","type-post","status-publish","format-standard","has-post-thumbnail","hentry","category-kategoria-nelkuli-de"],"jetpack_featured_media_url":"https:\/\/grazerungarischestheater.com\/wp-content\/uploads\/2025\/03\/GUT-gallery-Komlodi-Judit-plakat.jpg","jetpack_sharing_enabled":true,"_links":{"self":[{"href":"https:\/\/grazerungarischestheater.com\/index.php\/wp-json\/wp\/v2\/posts\/700","targetHints":{"allow":["GET"]}}],"collection":[{"href":"https:\/\/grazerungarischestheater.com\/index.php\/wp-json\/wp\/v2\/posts"}],"about":[{"href":"https:\/\/grazerungarischestheater.com\/index.php\/wp-json\/wp\/v2\/types\/post"}],"author":[{"embeddable":true,"href":"https:\/\/grazerungarischestheater.com\/index.php\/wp-json\/wp\/v2\/users\/1"}],"replies":[{"embeddable":true,"href":"https:\/\/grazerungarischestheater.com\/index.php\/wp-json\/wp\/v2\/comments?post=700"}],"version-history":[{"count":4,"href":"https:\/\/grazerungarischestheater.com\/index.php\/wp-json\/wp\/v2\/posts\/700\/revisions"}],"predecessor-version":[{"id":1137,"href":"https:\/\/grazerungarischestheater.com\/index.php\/wp-json\/wp\/v2\/posts\/700\/revisions\/1137"}],"wp:featuredmedia":[{"embeddable":true,"href":"https:\/\/grazerungarischestheater.com\/index.php\/wp-json\/wp\/v2\/media\/617"}],"wp:attachment":[{"href":"https:\/\/grazerungarischestheater.com\/index.php\/wp-json\/wp\/v2\/media?parent=700"}],"wp:term":[{"taxonomy":"category","embeddable":true,"href":"https:\/\/grazerungarischestheater.com\/index.php\/wp-json\/wp\/v2\/categories?post=700"},{"taxonomy":"post_tag","embeddable":true,"href":"https:\/\/grazerungarischestheater.com\/index.php\/wp-json\/wp\/v2\/tags?post=700"}],"curies":[{"name":"wp","href":"https:\/\/api.w.org\/{rel}","templated":true}]}}